{"id":1799,"date":"2023-12-30T05:02:00","date_gmt":"2023-12-30T05:02:00","guid":{"rendered":"http:\/\/lagumex.mx\/index\/?p=1799"},"modified":"2024-01-04T05:03:22","modified_gmt":"2024-01-04T05:03:22","slug":"esteban-nos-escucha-y-en-poco-tiempo-ha-hecho-mucho-por-pueblo-nuevo-habitantes","status":"publish","type":"post","link":"https:\/\/lagumex.mx\/index\/durango\/esteban-nos-escucha-y-en-poco-tiempo-ha-hecho-mucho-por-pueblo-nuevo-habitantes\/","title":{"rendered":"Esteban nos escucha y en poco tiempo ha hecho mucho por Pueblo Nuevo: habitantes"},"content":{"rendered":"\n<p>30 de diciembre de 2023.- Hay respuestas a las peticiones con trabajo en conjunto del Gobierno Estatal y Municipal, coinciden.<\/p>\n\n\n\n<p>La gente Pueblo Nuevo nos sentimos apoyados y escuchados por el gobernador Esteban Villegas, quien en poco tiempo ha hecho mucho por nuestras comunidades como dar respuesta a solicitudes de aparatos funcionales, paquetes invernales y acciones de vivienda, coincidieron habitantes de El Salto.<\/p>\n\n\n\n<p>Entre las beneficiarias, la se\u00f1ora Trinidad Favela dijo que ahora s\u00ed sienten el respaldo de los gobiernos, \u201ces muy bonito ser atendidos, estoy muy agradecida y contenta por todos nosotros\u201d, se\u00f1al\u00f3.<\/p>\n\n\n\n<p>De igual forma, Victoria Pati\u00f1o comparti\u00f3 que es la primera vez que acude a estos eventos&nbsp; y expres\u00f3 que los apoyos que llevan a la comunidad, ya hac\u00edan falta, como las obras que han entregado en este a\u00f1o.<\/p>\n\n\n\n<p>Rufino Mu\u00f1oz Mancinas, de la localidad del Zapote, platic\u00f3 sobre su problema de salud, que le cuesta mucho trabajo caminar y ahora que meti\u00f3 su papeler\u00eda para el tr\u00e1mite de una silla de ruedas, fue r\u00e1pido y gratis; \u201cestoy agradecido porque me hac\u00eda mucha falta la silla y ya ve que por all\u00e1 est\u00e1 trabajoso para caminar\u201d, dijo.<\/p>\n\n\n\n<p>\u201cMet\u00ed solicitud aqu\u00ed en el DIF para mi hijo porque \u00e9l tuvo un accidente, se da\u00f1\u00f3 la m\u00e9dula y qued\u00f3 paral\u00edtico; con esta silla me beneficia mucho porque con eso lo puedo mover\u201d, platic\u00f3 Dora Alicia Fuentes Molina al reconocer que dichos implementos m\u00e9dicos llegan a las personas que m\u00e1s lo necesitan.<\/p>\n\n\n\n<p>Finalmente, Carmen Ponce, resalt\u00f3 el trabajo que realizan tanto el Presidente Municipal como el Gobernador, lo que ha permitido m\u00e1s obras, equipamiento a la seguridad, as\u00ed como las ambulancias equipadas, adem\u00e1s que ya tendr\u00e1n un mejor acceso con la mejora de caminos.<\/p>\n","protected":false},"excerpt":{"rendered":"<p>30 de diciembre de 2023.- Hay respuestas a las peticiones con trabajo en conjunto del Gobierno Estatal y Municipal, coinciden. La gente Pueblo Nuevo nos sentimos apoyados y escuchados por el gobernador Esteban Villegas, quien en poco tiempo ha hecho mucho por nuestras comunidades como dar respuesta a solicitudes de aparatos funcionales, paquetes invernales y&#8230;<\/p>\n","protected":false},"author":1,"featured_media":0,"comment_status":"open","ping_status":"open","sticky":false,"template":"","format":"standard","meta":{"footnotes":""},"categories":[1],"tags":[],"class_list":["post-1799","post","type-post","status-publish","format-standard","hentry","category-durango"],"_links":{"self":[{"href":"https:\/\/lagumex.mx\/index\/wp-json\/wp\/v2\/posts\/1799","targetHints":{"allow":["GET"]}}],"collection":[{"href":"https:\/\/lagumex.mx\/index\/wp-json\/wp\/v2\/posts"}],"about":[{"href":"https:\/\/lagumex.mx\/index\/wp-json\/wp\/v2\/types\/post"}],"author":[{"embeddable":true,"href":"https:\/\/lagumex.mx\/index\/wp-json\/wp\/v2\/users\/1"}],"replies":[{"embeddable":true,"href":"https:\/\/lagumex.mx\/index\/wp-json\/wp\/v2\/comments?post=1799"}],"version-history":[{"count":1,"href":"https:\/\/lagumex.mx\/index\/wp-json\/wp\/v2\/posts\/1799\/revisions"}],"predecessor-version":[{"id":1800,"href":"https:\/\/lagumex.mx\/index\/wp-json\/wp\/v2\/posts\/1799\/revisions\/1800"}],"wp:attachment":[{"href":"https:\/\/lagumex.mx\/index\/wp-json\/wp\/v2\/media?parent=1799"}],"wp:term":[{"taxonomy":"category","embeddable":true,"href":"https:\/\/lagumex.mx\/index\/wp-json\/wp\/v2\/categories?post=1799"},{"taxonomy":"post_tag","embeddable":true,"href":"https:\/\/lagumex.mx\/index\/wp-json\/wp\/v2\/tags?post=1799"}],"curies":[{"name":"wp","href":"https:\/\/api.w.org\/{rel}","templated":true}]}}