{"id":1787,"date":"2023-12-27T04:51:00","date_gmt":"2023-12-27T04:51:00","guid":{"rendered":"http:\/\/lagumex.mx\/index\/?p=1787"},"modified":"2024-01-04T04:57:21","modified_gmt":"2024-01-04T04:57:21","slug":"elementos-de-fiscalia-dejaran-de-comunicarse-por-whatsapp-esteban-los-equipa-con-radios","status":"publish","type":"post","link":"https:\/\/lagumex.mx\/index\/durango\/elementos-de-fiscalia-dejaran-de-comunicarse-por-whatsapp-esteban-los-equipa-con-radios\/","title":{"rendered":"Elementos de Fiscal\u00eda dejar\u00e1n de comunicarse por whatsapp; Esteban los equipa con radios"},"content":{"rendered":"\n<p>27 de diciembre de 2023.-  <\/p>\n\n\n\n<p>Tambi\u00e9n se instalaron 4 antenas de comunicaci\u00f3n para Pueblo Nuevo, G\u00f3mez Palacio, Santiago Papasquiaro y Durango que fortalecer\u00e1n la cobertura donde no se ten\u00eda se\u00f1al de telefon\u00eda.<\/p>\n\n\n\n<p>Para eficientar el trabajo y mejorar la operatividad de las corporaciones de seguridad, el gobernador Esteban Villegas Villarreal entreg\u00f3&nbsp; m\u00e1s de 300 radios de comunicaci\u00f3n a elementos de la Fiscal\u00eda General del Estado, cumpliendo as\u00ed con el compromiso de dotarlos de m\u00e1s y mejor equipamiento, ya que desde hace 3 a\u00f1os se comunicaban \u00fanicamente por WhatsApp por falta de estos aparatos.<\/p>\n\n\n\n<p>En el marco de la entrega hist\u00f3rica de equipamiento a las Instituciones de Seguridad, Villegas Villarreal record\u00f3 que al recibir las riendas del actual Gobierno, se percat\u00f3 que los ministerios p\u00fablicos se ten\u00edan que comunicar a trav\u00e9s de mensajes en sus celulares por falta de equipo, por ello, se dio a la tarea de fortalecer esta \u00e1rea y les otorg\u00f3 radios para que contin\u00faen realizando su trabajo con buenos resultados para la ciudadan\u00eda.<\/p>\n\n\n\n<p>A la par, el Mandatario Estatal anunci\u00f3 la instalaci\u00f3n de cuatro antenas de radiocomunicaci\u00f3n en&nbsp; La Laguna, Durango, Pueblo Nuevo y Santiago Papasquiaro, las cuales abarcar\u00e1n un 80 por ciento de interconexi\u00f3n en la poblaci\u00f3n.<\/p>\n\n\n\n<p>All\u00ed, reiter\u00f3 que tambi\u00e9n se est\u00e1 invirtiendo en equipamiento y tecnolog\u00eda para el C5 y C4 de Durango y La Laguna, ya que se busca empatar la operatividad con los del vecino estado de Coahuila para dar seguimiento y que se cuente con el mismo m\u00e9todo, para poder tener una buena conexi\u00f3n y eficientar las tareas de prevenci\u00f3n y reacci\u00f3n en temas de seguridad.<\/p>\n","protected":false},"excerpt":{"rendered":"<p>27 de diciembre de 2023.- Tambi\u00e9n se instalaron 4 antenas de comunicaci\u00f3n para Pueblo Nuevo, G\u00f3mez Palacio, Santiago Papasquiaro y Durango que fortalecer\u00e1n la cobertura donde no se ten\u00eda se\u00f1al de telefon\u00eda. Para eficientar el trabajo y mejorar la operatividad de las corporaciones de seguridad, el gobernador Esteban Villegas Villarreal entreg\u00f3&nbsp; m\u00e1s de 300 radios&#8230;<\/p>\n","protected":false},"author":1,"featured_media":0,"comment_status":"open","ping_status":"open","sticky":false,"template":"","format":"standard","meta":{"footnotes":""},"categories":[1],"tags":[],"class_list":["post-1787","post","type-post","status-publish","format-standard","hentry","category-durango"],"_links":{"self":[{"href":"https:\/\/lagumex.mx\/index\/wp-json\/wp\/v2\/posts\/1787","targetHints":{"allow":["GET"]}}],"collection":[{"href":"https:\/\/lagumex.mx\/index\/wp-json\/wp\/v2\/posts"}],"about":[{"href":"https:\/\/lagumex.mx\/index\/wp-json\/wp\/v2\/types\/post"}],"author":[{"embeddable":true,"href":"https:\/\/lagumex.mx\/index\/wp-json\/wp\/v2\/users\/1"}],"replies":[{"embeddable":true,"href":"https:\/\/lagumex.mx\/index\/wp-json\/wp\/v2\/comments?post=1787"}],"version-history":[{"count":3,"href":"https:\/\/lagumex.mx\/index\/wp-json\/wp\/v2\/posts\/1787\/revisions"}],"predecessor-version":[{"id":1791,"href":"https:\/\/lagumex.mx\/index\/wp-json\/wp\/v2\/posts\/1787\/revisions\/1791"}],"wp:attachment":[{"href":"https:\/\/lagumex.mx\/index\/wp-json\/wp\/v2\/media?parent=1787"}],"wp:term":[{"taxonomy":"category","embeddable":true,"href":"https:\/\/lagumex.mx\/index\/wp-json\/wp\/v2\/categories?post=1787"},{"taxonomy":"post_tag","embeddable":true,"href":"https:\/\/lagumex.mx\/index\/wp-json\/wp\/v2\/tags?post=1787"}],"curies":[{"name":"wp","href":"https:\/\/api.w.org\/{rel}","templated":true}]}}