{"id":1784,"date":"2024-01-04T04:51:06","date_gmt":"2024-01-04T04:51:06","guid":{"rendered":"http:\/\/lagumex.mx\/index\/?p=1784"},"modified":"2024-01-04T04:51:06","modified_gmt":"2024-01-04T04:51:06","slug":"homero-martinez-cierra-filas-con-gabinete-en-el-inicio-del-2024","status":"publish","type":"post","link":"https:\/\/lagumex.mx\/index\/lerdo\/homero-martinez-cierra-filas-con-gabinete-en-el-inicio-del-2024\/","title":{"rendered":"Homero Mart\u00ednez cierra filas con gabinete en el inicio del 2024"},"content":{"rendered":"\n<p>E04 de enero de 2024.- este mi\u00e9rcoles, el Presidente Municipal Homero Mart\u00ednez Cabrera, lider\u00f3 una reuni\u00f3n de trabajo con\u00a0<strong>secretarios y directores del Ayuntamiento de Lerdo, marcando el inicio del a\u00f1o 2024.<\/strong>\u00a0El objetivo principal fue consolidar esfuerzos y trazar una ruta de trabajo para lo que el edil considera el a\u00f1o m\u00e1s importante de su gesti\u00f3n.Mart\u00ednez Cabrera resalt\u00f3 la prioridad de concretar proyectos y acciones que impulsen el desarrollo de la ciudad, tanto a trav\u00e9s de inversiones p\u00fablicas como privadas.\u00a0<strong>Enfatiz\u00f3 la importancia de mejorar las condiciones de vida de los habitantes mediante iniciativas centradas en el bienestar colectivo.<\/strong> El a\u00f1o 2024 ser\u00e1 hist\u00f3rico para Lerdo, ya que se destinar\u00e1 un presupuesto sin precedentes para el sector de<strong>\u00a0Obra P\u00fablica<\/strong>, superando los cien millones invertidos en el ejercicio anterior. Esta inversi\u00f3n atender\u00e1 las diversas necesidades de la ciudadan\u00eda, incluyendo proyectos de agua potable, drenaje, pavimentaci\u00f3n, as\u00ed como la rehabilitaci\u00f3n de espacios deportivos y oficinas gubernamentales, entre otros.<\/p>\n","protected":false},"excerpt":{"rendered":"<p>E04 de enero de 2024.- este mi\u00e9rcoles, el Presidente Municipal Homero Mart\u00ednez Cabrera, lider\u00f3 una reuni\u00f3n de trabajo con\u00a0secretarios y directores del Ayuntamiento de Lerdo, marcando el inicio del a\u00f1o 2024.\u00a0El objetivo principal fue consolidar esfuerzos y trazar una ruta de trabajo para lo que el edil considera el a\u00f1o m\u00e1s importante de su gesti\u00f3n.Mart\u00ednez&#8230;<\/p>\n","protected":false},"author":1,"featured_media":1785,"comment_status":"open","ping_status":"open","sticky":false,"template":"","format":"standard","meta":{"footnotes":""},"categories":[3],"tags":[],"class_list":["post-1784","post","type-post","status-publish","format-standard","has-post-thumbnail","hentry","category-lerdo"],"_links":{"self":[{"href":"https:\/\/lagumex.mx\/index\/wp-json\/wp\/v2\/posts\/1784","targetHints":{"allow":["GET"]}}],"collection":[{"href":"https:\/\/lagumex.mx\/index\/wp-json\/wp\/v2\/posts"}],"about":[{"href":"https:\/\/lagumex.mx\/index\/wp-json\/wp\/v2\/types\/post"}],"author":[{"embeddable":true,"href":"https:\/\/lagumex.mx\/index\/wp-json\/wp\/v2\/users\/1"}],"replies":[{"embeddable":true,"href":"https:\/\/lagumex.mx\/index\/wp-json\/wp\/v2\/comments?post=1784"}],"version-history":[{"count":1,"href":"https:\/\/lagumex.mx\/index\/wp-json\/wp\/v2\/posts\/1784\/revisions"}],"predecessor-version":[{"id":1786,"href":"https:\/\/lagumex.mx\/index\/wp-json\/wp\/v2\/posts\/1784\/revisions\/1786"}],"wp:featuredmedia":[{"embeddable":true,"href":"https:\/\/lagumex.mx\/index\/wp-json\/wp\/v2\/media\/1785"}],"wp:attachment":[{"href":"https:\/\/lagumex.mx\/index\/wp-json\/wp\/v2\/media?parent=1784"}],"wp:term":[{"taxonomy":"category","embeddable":true,"href":"https:\/\/lagumex.mx\/index\/wp-json\/wp\/v2\/categories?post=1784"},{"taxonomy":"post_tag","embeddable":true,"href":"https:\/\/lagumex.mx\/index\/wp-json\/wp\/v2\/tags?post=1784"}],"curies":[{"name":"wp","href":"https:\/\/api.w.org\/{rel}","templated":true}]}}