{"id":1778,"date":"2024-01-02T04:43:00","date_gmt":"2024-01-02T04:43:00","guid":{"rendered":"http:\/\/lagumex.mx\/index\/?p=1778"},"modified":"2024-01-04T04:46:21","modified_gmt":"2024-01-04T04:46:21","slug":"concluye-periodo-de-guardias-en-gobierno-municipal","status":"publish","type":"post","link":"https:\/\/lagumex.mx\/index\/lerdo\/concluye-periodo-de-guardias-en-gobierno-municipal\/","title":{"rendered":"Concluye per\u00edodo de guardias en gobierno municipal"},"content":{"rendered":"\n<p>02 de enero de 2023 Lerdo, Durango- A partir del pr\u00f3ximo mi\u00e9rcoles 3 de enero, el Gobierno Municipal de Lerdo retoma su horario regular de atenci\u00f3n al p\u00fablico en general, de 8:00 a.m. a 4:00 p.m. de la tarde, luego de concluir el periodo vacacional.<\/p>\n\n\n\n<p>El cien por ciento del personal administrativo se reintegrar\u00e1 a sus funciones habituales, marcando el fin del periodo de guardias implementado durante las pasadas dos semanas. Aunque se redujo el personal a la mitad para permitir el disfrute de las festividades, se garantiz\u00f3 la continuidad de las labores administrativas y la atenci\u00f3n a la ciudadan\u00eda a trav\u00e9s de las dependencias operativas.Durante el periodo vacacional, se mantuvo el servicio a trav\u00e9s de guardias, asegurando que las dependencias municipales, como Presidencia Municipal, SAPAL, DIF, Centro Operativo de Seguridad y Vialidad, y la Unidad Administrativa San Isidro, estuvieran disponibles para atender las necesidades de la comunidad.Se invita a la ciudadan\u00eda a visitar cualquier dependencia del Gobierno Municipal en el horario mencionado, de 8:00 a.m. a 4:00 p.m. de lunes a viernes. La normalizaci\u00f3n del horario facilitar\u00e1 la realizaci\u00f3n de tr\u00e1mites y la obtenci\u00f3n de informaci\u00f3n necesaria para el bienestar de la comunidad.<\/p>\n","protected":false},"excerpt":{"rendered":"<p>02 de enero de 2023 Lerdo, Durango- A partir del pr\u00f3ximo mi\u00e9rcoles 3 de enero, el Gobierno Municipal de Lerdo retoma su horario regular de atenci\u00f3n al p\u00fablico en general, de 8:00 a.m. a 4:00 p.m. de la tarde, luego de concluir el periodo vacacional. El cien por ciento del personal administrativo se reintegrar\u00e1 a&#8230;<\/p>\n","protected":false},"author":1,"featured_media":1779,"comment_status":"open","ping_status":"open","sticky":false,"template":"","format":"standard","meta":{"footnotes":""},"categories":[3],"tags":[],"class_list":["post-1778","post","type-post","status-publish","format-standard","has-post-thumbnail","hentry","category-lerdo"],"_links":{"self":[{"href":"https:\/\/lagumex.mx\/index\/wp-json\/wp\/v2\/posts\/1778","targetHints":{"allow":["GET"]}}],"collection":[{"href":"https:\/\/lagumex.mx\/index\/wp-json\/wp\/v2\/posts"}],"about":[{"href":"https:\/\/lagumex.mx\/index\/wp-json\/wp\/v2\/types\/post"}],"author":[{"embeddable":true,"href":"https:\/\/lagumex.mx\/index\/wp-json\/wp\/v2\/users\/1"}],"replies":[{"embeddable":true,"href":"https:\/\/lagumex.mx\/index\/wp-json\/wp\/v2\/comments?post=1778"}],"version-history":[{"count":1,"href":"https:\/\/lagumex.mx\/index\/wp-json\/wp\/v2\/posts\/1778\/revisions"}],"predecessor-version":[{"id":1780,"href":"https:\/\/lagumex.mx\/index\/wp-json\/wp\/v2\/posts\/1778\/revisions\/1780"}],"wp:featuredmedia":[{"embeddable":true,"href":"https:\/\/lagumex.mx\/index\/wp-json\/wp\/v2\/media\/1779"}],"wp:attachment":[{"href":"https:\/\/lagumex.mx\/index\/wp-json\/wp\/v2\/media?parent=1778"}],"wp:term":[{"taxonomy":"category","embeddable":true,"href":"https:\/\/lagumex.mx\/index\/wp-json\/wp\/v2\/categories?post=1778"},{"taxonomy":"post_tag","embeddable":true,"href":"https:\/\/lagumex.mx\/index\/wp-json\/wp\/v2\/tags?post=1778"}],"curies":[{"name":"wp","href":"https:\/\/api.w.org\/{rel}","templated":true}]}}