{"id":1772,"date":"2023-12-31T04:39:00","date_gmt":"2023-12-31T04:39:00","guid":{"rendered":"http:\/\/lagumex.mx\/index\/?p=1772"},"modified":"2024-01-04T04:41:31","modified_gmt":"2024-01-04T04:41:31","slug":"en-2023-instituto-del-adulto-mayor-brindo-atencion-visual","status":"publish","type":"post","link":"https:\/\/lagumex.mx\/index\/lerdo\/en-2023-instituto-del-adulto-mayor-brindo-atencion-visual\/","title":{"rendered":"En 2023 Instituto del Adulto Mayor brind\u00f3 atenci\u00f3n visual"},"content":{"rendered":"\n<p>31 de diciembre de 2023 Lerdo, Durango.- La directora del Instituto para la Personas Adultas del Municipio de Lerdo, Margarita Guerra Fr\u00edas, comparto que durante el cierre de a\u00f1o se contin\u00faa con las visitas domiciliarias, est\u00e1 semana se visitaron las colonias de San Isidro y la 18 de Julio.Durante estos encuentros con la ciudadan\u00eda, el particular de la dependencia municipal tiene la oportunidad de dialogar con las personas mayores de edad, escuchar sus inquietudes y peticiones para gestionar los apoyos correspondientes, as\u00ed como entregar medicamentos, apoyo alimentario y dar seguimiento a su salud.<\/p>\n","protected":false},"excerpt":{"rendered":"<p>31 de diciembre de 2023 Lerdo, Durango.- La directora del Instituto para la Personas Adultas del Municipio de Lerdo, Margarita Guerra Fr\u00edas, comparto que durante el cierre de a\u00f1o se contin\u00faa con las visitas domiciliarias, est\u00e1 semana se visitaron las colonias de San Isidro y la 18 de Julio.Durante estos encuentros con la ciudadan\u00eda, el&#8230;<\/p>\n","protected":false},"author":1,"featured_media":1773,"comment_status":"open","ping_status":"open","sticky":false,"template":"","format":"standard","meta":{"footnotes":""},"categories":[3],"tags":[],"class_list":["post-1772","post","type-post","status-publish","format-standard","has-post-thumbnail","hentry","category-lerdo"],"_links":{"self":[{"href":"https:\/\/lagumex.mx\/index\/wp-json\/wp\/v2\/posts\/1772","targetHints":{"allow":["GET"]}}],"collection":[{"href":"https:\/\/lagumex.mx\/index\/wp-json\/wp\/v2\/posts"}],"about":[{"href":"https:\/\/lagumex.mx\/index\/wp-json\/wp\/v2\/types\/post"}],"author":[{"embeddable":true,"href":"https:\/\/lagumex.mx\/index\/wp-json\/wp\/v2\/users\/1"}],"replies":[{"embeddable":true,"href":"https:\/\/lagumex.mx\/index\/wp-json\/wp\/v2\/comments?post=1772"}],"version-history":[{"count":1,"href":"https:\/\/lagumex.mx\/index\/wp-json\/wp\/v2\/posts\/1772\/revisions"}],"predecessor-version":[{"id":1774,"href":"https:\/\/lagumex.mx\/index\/wp-json\/wp\/v2\/posts\/1772\/revisions\/1774"}],"wp:featuredmedia":[{"embeddable":true,"href":"https:\/\/lagumex.mx\/index\/wp-json\/wp\/v2\/media\/1773"}],"wp:attachment":[{"href":"https:\/\/lagumex.mx\/index\/wp-json\/wp\/v2\/media?parent=1772"}],"wp:term":[{"taxonomy":"category","embeddable":true,"href":"https:\/\/lagumex.mx\/index\/wp-json\/wp\/v2\/categories?post=1772"},{"taxonomy":"post_tag","embeddable":true,"href":"https:\/\/lagumex.mx\/index\/wp-json\/wp\/v2\/tags?post=1772"}],"curies":[{"name":"wp","href":"https:\/\/api.w.org\/{rel}","templated":true}]}}