{"id":1747,"date":"2023-12-22T04:16:00","date_gmt":"2023-12-22T04:16:00","guid":{"rendered":"http:\/\/lagumex.mx\/index\/?p=1747"},"modified":"2024-01-04T04:18:31","modified_gmt":"2024-01-04T04:18:31","slug":"instituto-de-la-juventud-en-lerdo-listo-para-la-caravana-navidena","status":"publish","type":"post","link":"https:\/\/lagumex.mx\/index\/lerdo\/instituto-de-la-juventud-en-lerdo-listo-para-la-caravana-navidena\/","title":{"rendered":"Instituto de la Juventud en Lerdo listo para la Caravana Navide\u00f1a"},"content":{"rendered":"\n<p>22 de diciembre de 2023.- Luego de dialogar con asociaciones juveniles y planteles educativos, el director del\u00a0<strong>Instituto Municipal de la Juventud<\/strong>\u00a0en Lerdo, David Cano S\u00e1nchez, mencion\u00f3 que ya se encuentran listos para dar arranque a la Caravana Navide\u00f1a 2023 el pr\u00f3ximo s\u00e1bado 23 de diciembre. El funcionario record\u00f3 que el a\u00f1o pasado se visit\u00f3 la\u00a0<strong>Colonia Cerro de La Cruz, San Fernando y fraccionamientos aleda\u00f1os<\/strong>. En esta segunda edici\u00f3n, llegar\u00e1n hasta las comunidades de El Capricho, La Goleta, Ejido La Luz, de la zona rural.\u00a0Agradeci\u00f3 la participaci\u00f3n de la ciudadan\u00eda, instituciones, asociaciones y todas las familias que se sumaron a la campa\u00f1a de\u00a0<strong>donaci\u00f3n \u201cJuguentud 2023\u201d<\/strong>\u00a0logrando recaudar juguetes, bolos, balones, pelotas, peluches y m\u00e1s productos para obsequiar a los ni\u00f1os el pr\u00f3ximo s\u00e1bado.<\/p>\n","protected":false},"excerpt":{"rendered":"<p>22 de diciembre de 2023.- Luego de dialogar con asociaciones juveniles y planteles educativos, el director del\u00a0Instituto Municipal de la Juventud\u00a0en Lerdo, David Cano S\u00e1nchez, mencion\u00f3 que ya se encuentran listos para dar arranque a la Caravana Navide\u00f1a 2023 el pr\u00f3ximo s\u00e1bado 23 de diciembre. El funcionario record\u00f3 que el a\u00f1o pasado se visit\u00f3 la\u00a0Colonia&#8230;<\/p>\n","protected":false},"author":1,"featured_media":0,"comment_status":"open","ping_status":"open","sticky":false,"template":"","format":"standard","meta":{"footnotes":""},"categories":[3],"tags":[],"class_list":["post-1747","post","type-post","status-publish","format-standard","hentry","category-lerdo"],"_links":{"self":[{"href":"https:\/\/lagumex.mx\/index\/wp-json\/wp\/v2\/posts\/1747","targetHints":{"allow":["GET"]}}],"collection":[{"href":"https:\/\/lagumex.mx\/index\/wp-json\/wp\/v2\/posts"}],"about":[{"href":"https:\/\/lagumex.mx\/index\/wp-json\/wp\/v2\/types\/post"}],"author":[{"embeddable":true,"href":"https:\/\/lagumex.mx\/index\/wp-json\/wp\/v2\/users\/1"}],"replies":[{"embeddable":true,"href":"https:\/\/lagumex.mx\/index\/wp-json\/wp\/v2\/comments?post=1747"}],"version-history":[{"count":1,"href":"https:\/\/lagumex.mx\/index\/wp-json\/wp\/v2\/posts\/1747\/revisions"}],"predecessor-version":[{"id":1748,"href":"https:\/\/lagumex.mx\/index\/wp-json\/wp\/v2\/posts\/1747\/revisions\/1748"}],"wp:attachment":[{"href":"https:\/\/lagumex.mx\/index\/wp-json\/wp\/v2\/media?parent=1747"}],"wp:term":[{"taxonomy":"category","embeddable":true,"href":"https:\/\/lagumex.mx\/index\/wp-json\/wp\/v2\/categories?post=1747"},{"taxonomy":"post_tag","embeddable":true,"href":"https:\/\/lagumex.mx\/index\/wp-json\/wp\/v2\/tags?post=1747"}],"curies":[{"name":"wp","href":"https:\/\/api.w.org\/{rel}","templated":true}]}}