{"id":1732,"date":"2023-12-23T18:46:00","date_gmt":"2023-12-23T18:46:00","guid":{"rendered":"http:\/\/lagumex.mx\/index\/?p=1732"},"modified":"2024-01-02T18:48:12","modified_gmt":"2024-01-02T18:48:12","slug":"alegria-sorpresas-y-diversion-para-casa-hogar-festejan-marisol-y-esteban-con-una-posada-con-el-corazon","status":"publish","type":"post","link":"https:\/\/lagumex.mx\/index\/durango\/alegria-sorpresas-y-diversion-para-casa-hogar-festejan-marisol-y-esteban-con-una-posada-con-el-corazon\/","title":{"rendered":"Alegr\u00eda, sorpresas y diversi\u00f3n para Casa Hogar; festejan Marisol y Esteban con una \u201cPosada con el Coraz\u00f3n\u201d"},"content":{"rendered":"\n<p>Anuncian remodelaci\u00f3n de Casa Hogar y Centro Mi Casa para ampliar y mejorar instalaciones.<\/p>\n\n\n\n<p>23 de diciembre de 2023.- En una sana convivencia de alegr\u00eda y unidad con ni\u00f1as, ni\u00f1os y adolescentes bajo cuidado residencial de Casa Hogar y Centro Mi Casa, la presidenta del DIF Estatal, Marisol Rosso y el gobernador Esteban Villegas Villarreal, pasaron una tarde agradable en la \u201cPosada del Coraz\u00f3n\u201d, donde jugaron, cantaron, bailaron y disfrutaron de muchas sorpresas en esta reuni\u00f3n con motivo de la v\u00edspera de la Noche Buena.<\/p>\n\n\n\n<p>En el marco de esta celebraci\u00f3n navide\u00f1a, padrinos de los menores, entre funcionarios estatales, integrantes de c\u00e1maras empresariales y voluntarios, compartieron los alimentos con todos los peque\u00f1os de estas instancias que, a su vez, forman parte del DIF Estatal y pertenecientes al Sistema de Protecci\u00f3n Integral de Ni\u00f1as, Ni\u00f1os y Adolescentes.<\/p>\n\n\n\n<p>\u201cLa mayor\u00eda de los que hoy estamos apadrinando, nos estamos llevando m\u00e1s de lo que nosotros podemos entregarles hoy\u201d, dijo Marisol, al reconocer la labor de todas las mam\u00e1s cuidadoras de alrededor de 150 ni\u00f1as, ni\u00f1os y adolescentes, que por m\u00e1s de 20 a\u00f1os se han entregado con los peque\u00f1os.<\/p>\n\n\n\n<p>En esta celebraci\u00f3n, el mandatario Esteban Villegas afianz\u00f3 el mensaje de Marisol, con el anunci\u00f3 que hicieron sobre la remodelaci\u00f3n que se realizar\u00e1 en el inmueble de Casa Hogar y para el centro Mi Casa, reconstruir estos espacios, hacerlo m\u00e1s amplio, reconfortante y con diversas \u00e1reas l\u00fadicas para su mejor estancia.<\/p>\n\n\n\n<p>Como parte de esta convivencia, entre todos los padrinos, contribuyeron para la instalaci\u00f3n de un \u00e1rbol navide\u00f1o, lleno de luces y adornado con pelotas, adem\u00e1s de obsequios que llevaron para cada uno de los ni\u00f1os, los cuales podr\u00e1n abrir el d\u00eda de la llegada de la Noche Buena.<\/p>\n\n\n\n<p>Cabe se\u00f1alar que, a trav\u00e9s de dichas estancias, tienen la misi\u00f3n de restituir y garantizar sus derechos de los infantes que se encuentran temporalmente en resguardo; estos centros pertenecientes org\u00e1nicamente a DIF Estatal y a cargo de la Procuradur\u00eda de Protecci\u00f3n de Ni\u00f1as, Ni\u00f1os y Adolescentes.<\/p>\n\n\n\n<p>Casa Hogar actualmente brinda protecci\u00f3n a 129 menores entre los 0 y los 17 a\u00f1os, mientras Centro Mi Casa, resguarda actualmente 45 adolescentes mujeres; tambi\u00e9n se habilit\u00f3 como albergue para adolescentes en situaci\u00f3n de movilidad, en lo que son restituidos a sus redes de apoyo familia.<\/p>\n","protected":false},"excerpt":{"rendered":"<p>Anuncian remodelaci\u00f3n de Casa Hogar y Centro Mi Casa para ampliar y mejorar instalaciones. 23 de diciembre de 2023.- En una sana convivencia de alegr\u00eda y unidad con ni\u00f1as, ni\u00f1os y adolescentes bajo cuidado residencial de Casa Hogar y Centro Mi Casa, la presidenta del DIF Estatal, Marisol Rosso y el gobernador Esteban Villegas Villarreal,&#8230;<\/p>\n","protected":false},"author":1,"featured_media":1733,"comment_status":"open","ping_status":"open","sticky":false,"template":"","format":"standard","meta":{"footnotes":""},"categories":[1],"tags":[],"class_list":["post-1732","post","type-post","status-publish","format-standard","has-post-thumbnail","hentry","category-durango"],"_links":{"self":[{"href":"https:\/\/lagumex.mx\/index\/wp-json\/wp\/v2\/posts\/1732","targetHints":{"allow":["GET"]}}],"collection":[{"href":"https:\/\/lagumex.mx\/index\/wp-json\/wp\/v2\/posts"}],"about":[{"href":"https:\/\/lagumex.mx\/index\/wp-json\/wp\/v2\/types\/post"}],"author":[{"embeddable":true,"href":"https:\/\/lagumex.mx\/index\/wp-json\/wp\/v2\/users\/1"}],"replies":[{"embeddable":true,"href":"https:\/\/lagumex.mx\/index\/wp-json\/wp\/v2\/comments?post=1732"}],"version-history":[{"count":1,"href":"https:\/\/lagumex.mx\/index\/wp-json\/wp\/v2\/posts\/1732\/revisions"}],"predecessor-version":[{"id":1734,"href":"https:\/\/lagumex.mx\/index\/wp-json\/wp\/v2\/posts\/1732\/revisions\/1734"}],"wp:featuredmedia":[{"embeddable":true,"href":"https:\/\/lagumex.mx\/index\/wp-json\/wp\/v2\/media\/1733"}],"wp:attachment":[{"href":"https:\/\/lagumex.mx\/index\/wp-json\/wp\/v2\/media?parent=1732"}],"wp:term":[{"taxonomy":"category","embeddable":true,"href":"https:\/\/lagumex.mx\/index\/wp-json\/wp\/v2\/categories?post=1732"},{"taxonomy":"post_tag","embeddable":true,"href":"https:\/\/lagumex.mx\/index\/wp-json\/wp\/v2\/tags?post=1732"}],"curies":[{"name":"wp","href":"https:\/\/api.w.org\/{rel}","templated":true}]}}