{"id":1730,"date":"2023-12-22T18:46:00","date_gmt":"2023-12-22T18:46:00","guid":{"rendered":"http:\/\/lagumex.mx\/index\/?p=1730"},"modified":"2024-01-02T18:46:52","modified_gmt":"2024-01-02T18:46:52","slug":"dif-estatal-cierra-el-ano-cambiando-historias-de-vida-y-con-mejores-oportunidades","status":"publish","type":"post","link":"https:\/\/lagumex.mx\/index\/durango\/dif-estatal-cierra-el-ano-cambiando-historias-de-vida-y-con-mejores-oportunidades\/","title":{"rendered":"DIF Estatal cierra el a\u00f1o cambiando historias de vida y con mejores oportunidades"},"content":{"rendered":"\n<p>Gracias a las gestiones del gobierno de Esteban, tambi\u00e9n se equiparon las Unidades de Rehabilitaci\u00f3n y ampliaron apoyos para personas con discapacidad y adultos mayores.<\/p>\n\n\n\n<p>22 de diciembre de 2023. \u201cEs una alegr\u00eda escuchar historias de vida que nos comparten, y constatar el acompa\u00f1amiento del gobierno de Esteban que les ha permitido tener mejor calidad de vida, al facilitar su movilidad que les brinda oportunidades, inclusi\u00f3n y un mayor bienestar, expres\u00f3 la presidenta del DIF Estatal, Marisol Rosso, al dar a conocer como se beneficiaron\u00a0 5 mil 812 personas de los 39 municipios con apoyos funcionales, adicional\u00a0 al equipamiento de las Unidades B\u00e1sicas de Rehabilitaci\u00f3n (UBR).<\/p>\n\n\n\n<p>Dijo que, como parte de la estrategia Integral Social \u00abContigo a tu lado\u00bb, del DIF Estatal, se distribuyeron dichos aparatos funcionales, como pa\u00f1ales para adultos, aunado al equipamientos de UBR en todo el estado, que junto con la entrega de Certificados como Promotores Especializados en UBR, se logra una cobertura total del estado en la atenci\u00f3n y rehabilitaci\u00f3n con trato digno y \u00f3ptimo para cada paciente.<\/p>\n\n\n\n<p>En este sentido, se\u00f1al\u00f3 que la administraci\u00f3n estatal mantiene esfuerzos, generando una mayor cobertura, al sumar los recursos como del Fondo de Aportaciones M\u00faltiples de Asistencia Social (FAM-AS), del Programa de atenci\u00f3n a grupos prioritarios que tiene como objetivo apoyar a personas de todas las edades, que sufran de alguna discapacidad temporal o permanente, con el prop\u00f3sito es brindarles los apoyos asistenciales que requieran para mejorar su calidad de vida y facilitar su movilidad.<\/p>\n\n\n\n<p>Rosso Rivera, a su vez, enfatiz\u00f3 sobre la importancia de promover los derechos de las personas con discapacidad, as\u00ed como sensibilizar a la sociedad sobre la inclusi\u00f3n y la igualdad de oportunidades, por lo que reconoci\u00f3 que en este cierre de a\u00f1o, el compromiso del equipo de DIF y del Gobierno del Estado, para continuar trabajando con mucho valor y coraz\u00f3n a favor de los m\u00e1s vulnerables.<\/p>\n","protected":false},"excerpt":{"rendered":"<p>Gracias a las gestiones del gobierno de Esteban, tambi\u00e9n se equiparon las Unidades de Rehabilitaci\u00f3n y ampliaron apoyos para personas con discapacidad y adultos mayores. 22 de diciembre de 2023. \u201cEs una alegr\u00eda escuchar historias de vida que nos comparten, y constatar el acompa\u00f1amiento del gobierno de Esteban que les ha permitido tener mejor calidad&#8230;<\/p>\n","protected":false},"author":1,"featured_media":0,"comment_status":"open","ping_status":"open","sticky":false,"template":"","format":"standard","meta":{"footnotes":""},"categories":[1],"tags":[],"class_list":["post-1730","post","type-post","status-publish","format-standard","hentry","category-durango"],"_links":{"self":[{"href":"https:\/\/lagumex.mx\/index\/wp-json\/wp\/v2\/posts\/1730","targetHints":{"allow":["GET"]}}],"collection":[{"href":"https:\/\/lagumex.mx\/index\/wp-json\/wp\/v2\/posts"}],"about":[{"href":"https:\/\/lagumex.mx\/index\/wp-json\/wp\/v2\/types\/post"}],"author":[{"embeddable":true,"href":"https:\/\/lagumex.mx\/index\/wp-json\/wp\/v2\/users\/1"}],"replies":[{"embeddable":true,"href":"https:\/\/lagumex.mx\/index\/wp-json\/wp\/v2\/comments?post=1730"}],"version-history":[{"count":1,"href":"https:\/\/lagumex.mx\/index\/wp-json\/wp\/v2\/posts\/1730\/revisions"}],"predecessor-version":[{"id":1731,"href":"https:\/\/lagumex.mx\/index\/wp-json\/wp\/v2\/posts\/1730\/revisions\/1731"}],"wp:attachment":[{"href":"https:\/\/lagumex.mx\/index\/wp-json\/wp\/v2\/media?parent=1730"}],"wp:term":[{"taxonomy":"category","embeddable":true,"href":"https:\/\/lagumex.mx\/index\/wp-json\/wp\/v2\/categories?post=1730"},{"taxonomy":"post_tag","embeddable":true,"href":"https:\/\/lagumex.mx\/index\/wp-json\/wp\/v2\/tags?post=1730"}],"curies":[{"name":"wp","href":"https:\/\/api.w.org\/{rel}","templated":true}]}}