{"id":1715,"date":"2023-12-02T13:49:24","date_gmt":"2023-12-02T13:49:24","guid":{"rendered":"http:\/\/lagumex.mx\/index\/?p=1715"},"modified":"2023-12-19T13:51:19","modified_gmt":"2023-12-19T13:51:19","slug":"conmemoraran-el-dia-internacional-de-las-personas-con-capacidades-diferentes","status":"publish","type":"post","link":"https:\/\/lagumex.mx\/index\/lerdo\/conmemoraran-el-dia-internacional-de-las-personas-con-capacidades-diferentes\/","title":{"rendered":"Conmemoraran el d\u00eda internacional de las personas con capacidades diferentes"},"content":{"rendered":"\n<p>02 de diciembre de 2023, El Gobierno Municipal de Lerdo a trav\u00e9s del Instituto para el Desarrollo y la Inclusi\u00f3n de las Personas con Discapacidad realizara un desayuno para infantes el proximo lunes 04 de diciembre en el  Auditorio de la Unidad Deportiva Francisco Sarabia para conmemorar el<strong>\u00a0D\u00eda Internacional de las Personas con Discapacidad.<\/strong> La diputada Susy Carolina Torrecillas Salazar comparti\u00f3 que en esta importante fecha<strong>\u00a0se hace mayor \u00e9nfasis en la promoci\u00f3n de la inclusi\u00f3n<\/strong>, reforzando las pol\u00edticas p\u00fablicas para velar por los derechos de las personas con discapacidad<\/p>\n","protected":false},"excerpt":{"rendered":"<p>02 de diciembre de 2023, El Gobierno Municipal de Lerdo a trav\u00e9s del Instituto para el Desarrollo y la Inclusi\u00f3n de las Personas con Discapacidad realizara un desayuno para infantes el proximo lunes 04 de diciembre en el Auditorio de la Unidad Deportiva Francisco Sarabia para conmemorar el\u00a0D\u00eda Internacional de las Personas con Discapacidad. La&#8230;<\/p>\n","protected":false},"author":1,"featured_media":0,"comment_status":"open","ping_status":"open","sticky":false,"template":"","format":"standard","meta":{"footnotes":""},"categories":[3],"tags":[],"class_list":["post-1715","post","type-post","status-publish","format-standard","hentry","category-lerdo"],"_links":{"self":[{"href":"https:\/\/lagumex.mx\/index\/wp-json\/wp\/v2\/posts\/1715","targetHints":{"allow":["GET"]}}],"collection":[{"href":"https:\/\/lagumex.mx\/index\/wp-json\/wp\/v2\/posts"}],"about":[{"href":"https:\/\/lagumex.mx\/index\/wp-json\/wp\/v2\/types\/post"}],"author":[{"embeddable":true,"href":"https:\/\/lagumex.mx\/index\/wp-json\/wp\/v2\/users\/1"}],"replies":[{"embeddable":true,"href":"https:\/\/lagumex.mx\/index\/wp-json\/wp\/v2\/comments?post=1715"}],"version-history":[{"count":1,"href":"https:\/\/lagumex.mx\/index\/wp-json\/wp\/v2\/posts\/1715\/revisions"}],"predecessor-version":[{"id":1716,"href":"https:\/\/lagumex.mx\/index\/wp-json\/wp\/v2\/posts\/1715\/revisions\/1716"}],"wp:attachment":[{"href":"https:\/\/lagumex.mx\/index\/wp-json\/wp\/v2\/media?parent=1715"}],"wp:term":[{"taxonomy":"category","embeddable":true,"href":"https:\/\/lagumex.mx\/index\/wp-json\/wp\/v2\/categories?post=1715"},{"taxonomy":"post_tag","embeddable":true,"href":"https:\/\/lagumex.mx\/index\/wp-json\/wp\/v2\/tags?post=1715"}],"curies":[{"name":"wp","href":"https:\/\/api.w.org\/{rel}","templated":true}]}}