{"id":1705,"date":"2023-12-06T13:44:51","date_gmt":"2023-12-06T13:44:51","guid":{"rendered":"http:\/\/lagumex.mx\/index\/?p=1705"},"modified":"2023-12-19T13:45:59","modified_gmt":"2023-12-19T13:45:59","slug":"el-gobierno-municipal-invita-a-la-ciudadania-a-formar-parte-del-tour-guiado","status":"publish","type":"post","link":"https:\/\/lagumex.mx\/index\/lerdo\/el-gobierno-municipal-invita-a-la-ciudadania-a-formar-parte-del-tour-guiado\/","title":{"rendered":"El Gobierno Municipal invita a la ciudadan\u00eda a formar parte del tour guiado"},"content":{"rendered":"\n<p>06 de diciembre de 2023, El Programa\u00a0<strong>\u2018Tu Fin de Semana en Lerdo\u2019\u00a0<\/strong>viajar\u00e1 este s\u00e1bado 09 de diciembre a Villa La Loma, conocida como<strong>\u00a0\u201cla cuna de la Divisi\u00f3n del Norte\u201d<\/strong>, el recorrido iniciar\u00e1 en la plazuela Ju\u00e1rez y culminar\u00e1 en la\u00a0<strong>Ex Hacienda La Loma.<\/strong><\/p>\n\n\n\n<p>Partiendo de la plazuela Ju\u00e1rez a las 12:00 del medio d\u00eda, la primer parada ser\u00e1 en el\u00a0<strong>Museo Internacional del Capit\u00e1n Piloto Aviador Francisco Sarabia<\/strong>, pionero lerdense de la<strong>\u00a0aviaci\u00f3n comercial mexicana<\/strong>\u00a0que rompi\u00f3 el r\u00e9cord de velocidad en el vuelo Ciudad de M\u00e9xico &#8211; Nueva York. <\/p>\n\n\n\n<p>El Programa&nbsp;<strong>\u2018Tu Fin de Semana en Lerdo\u2019&nbsp;<\/strong>viajar\u00e1 este s\u00e1bado 09 de diciembre a Villa La Loma, conocida como<strong>&nbsp;\u201cla cuna de la Divisi\u00f3n del Norte\u201d<\/strong>, el recorrido iniciar\u00e1 en la plazuela Ju\u00e1rez y culminar\u00e1 en la&nbsp;<strong>Ex Hacienda La Loma.<\/strong><\/p>\n\n\n\n<p>Partiendo de la plazuela Ju\u00e1rez a las 12:00 del medio d\u00eda, la primer parada ser\u00e1 en el&nbsp;<strong>Museo Internacional del Capit\u00e1n Piloto Aviador Francisco Sarabia<\/strong>, pionero lerdense de la<strong>&nbsp;aviaci\u00f3n comercial mexicana<\/strong>&nbsp;que rompi\u00f3 el r\u00e9cord de velocidad en el vuelo Ciudad de M\u00e9xico &#8211; Nueva York.<\/p>\n","protected":false},"excerpt":{"rendered":"<p>06 de diciembre de 2023, El Programa\u00a0\u2018Tu Fin de Semana en Lerdo\u2019\u00a0viajar\u00e1 este s\u00e1bado 09 de diciembre a Villa La Loma, conocida como\u00a0\u201cla cuna de la Divisi\u00f3n del Norte\u201d, el recorrido iniciar\u00e1 en la plazuela Ju\u00e1rez y culminar\u00e1 en la\u00a0Ex Hacienda La Loma. Partiendo de la plazuela Ju\u00e1rez a las 12:00 del medio d\u00eda, la&#8230;<\/p>\n","protected":false},"author":1,"featured_media":0,"comment_status":"open","ping_status":"open","sticky":false,"template":"","format":"standard","meta":{"footnotes":""},"categories":[3],"tags":[],"class_list":["post-1705","post","type-post","status-publish","format-standard","hentry","category-lerdo"],"_links":{"self":[{"href":"https:\/\/lagumex.mx\/index\/wp-json\/wp\/v2\/posts\/1705","targetHints":{"allow":["GET"]}}],"collection":[{"href":"https:\/\/lagumex.mx\/index\/wp-json\/wp\/v2\/posts"}],"about":[{"href":"https:\/\/lagumex.mx\/index\/wp-json\/wp\/v2\/types\/post"}],"author":[{"embeddable":true,"href":"https:\/\/lagumex.mx\/index\/wp-json\/wp\/v2\/users\/1"}],"replies":[{"embeddable":true,"href":"https:\/\/lagumex.mx\/index\/wp-json\/wp\/v2\/comments?post=1705"}],"version-history":[{"count":1,"href":"https:\/\/lagumex.mx\/index\/wp-json\/wp\/v2\/posts\/1705\/revisions"}],"predecessor-version":[{"id":1706,"href":"https:\/\/lagumex.mx\/index\/wp-json\/wp\/v2\/posts\/1705\/revisions\/1706"}],"wp:attachment":[{"href":"https:\/\/lagumex.mx\/index\/wp-json\/wp\/v2\/media?parent=1705"}],"wp:term":[{"taxonomy":"category","embeddable":true,"href":"https:\/\/lagumex.mx\/index\/wp-json\/wp\/v2\/categories?post=1705"},{"taxonomy":"post_tag","embeddable":true,"href":"https:\/\/lagumex.mx\/index\/wp-json\/wp\/v2\/tags?post=1705"}],"curies":[{"name":"wp","href":"https:\/\/api.w.org\/{rel}","templated":true}]}}