{"id":1699,"date":"2023-12-08T13:41:51","date_gmt":"2023-12-08T13:41:51","guid":{"rendered":"http:\/\/lagumex.mx\/index\/?p=1699"},"modified":"2023-12-19T13:43:22","modified_gmt":"2023-12-19T13:43:22","slug":"llega-campana-alza-la-voz-no-estas-sola-a-villa-nazareno","status":"publish","type":"post","link":"https:\/\/lagumex.mx\/index\/lerdo\/llega-campana-alza-la-voz-no-estas-sola-a-villa-nazareno\/","title":{"rendered":"Llega campa\u00f1a \u00abAlza la Voz, no est\u00e1s sola\u00bb a Villa Nazareno"},"content":{"rendered":"\n<p>08 de diciembre de 2023, Durante esta semana, el\u00a0<strong>Instituto Municipal de la Mujer<\/strong>\u00a0acudi\u00f3 a la\u00a0<strong>Villa de Nazareno con la campa\u00f1a \u201cAlza la voz, no est\u00e1s sola\u201d<\/strong>, para promover casa por casa los servicios gratuitos que ofrece la dependencia municipal. Cabe se\u00f1alar que, el mismo Instituto ha acercado el m\u00f3dulo de atenci\u00f3n a lo largo del a\u00f1o, con atenci\u00f3n psicol\u00f3gica, jur\u00eddica y de trabajo social, adem\u00e1s de realizar una Brigada de Salud Masiva para ofertar a los habitantes servicios de salud y atenci\u00f3n de los diferentes institutos y dependencias municipales, as\u00ed como del\u00a0<strong>Ej\u00e9rcito Mexicano, la Secretar\u00eda de la Defensa Nacional (SEDENA), y asociaciones civiles.<\/strong> <\/p>\n\n\n\n<p>El&nbsp;<strong>sistema DIF lleg\u00f3 a todas las mujeres de Nazareno con \u201cCaf\u00e9 Rosa\u201d<\/strong>, programa estatal que se desarroll\u00f3 en el mes de octubre para informar y prevenir a la ciudadan\u00eda sobre el c\u00e1ncer de mama; a los padres de familia, ni\u00f1os y j\u00f3venes, con el programa \u201cCu\u00eddame\u201d, con temas para construir una relaci\u00f3n saludable entre padre e hijo.<\/p>\n\n\n\n<h4 class=\"wp-block-heading\">En cuanto al personal docente de las secciones 59 y 137 del sector de Nazareno, recibieron un taller de primeros auxilios, previamente solicitado, que estuvo a cargo del\u00a0<strong>personal de Protecci\u00f3n Civil\u00a0<\/strong>en un esfuerzo por continuar fortaleciendo la preparaci\u00f3n y seguridad en las escuelas del municipio.<\/h4>\n","protected":false},"excerpt":{"rendered":"<p>08 de diciembre de 2023, Durante esta semana, el\u00a0Instituto Municipal de la Mujer\u00a0acudi\u00f3 a la\u00a0Villa de Nazareno con la campa\u00f1a \u201cAlza la voz, no est\u00e1s sola\u201d, para promover casa por casa los servicios gratuitos que ofrece la dependencia municipal. Cabe se\u00f1alar que, el mismo Instituto ha acercado el m\u00f3dulo de atenci\u00f3n a lo largo del&#8230;<\/p>\n","protected":false},"author":1,"featured_media":1700,"comment_status":"open","ping_status":"open","sticky":false,"template":"","format":"standard","meta":{"footnotes":""},"categories":[3],"tags":[],"class_list":["post-1699","post","type-post","status-publish","format-standard","has-post-thumbnail","hentry","category-lerdo"],"_links":{"self":[{"href":"https:\/\/lagumex.mx\/index\/wp-json\/wp\/v2\/posts\/1699","targetHints":{"allow":["GET"]}}],"collection":[{"href":"https:\/\/lagumex.mx\/index\/wp-json\/wp\/v2\/posts"}],"about":[{"href":"https:\/\/lagumex.mx\/index\/wp-json\/wp\/v2\/types\/post"}],"author":[{"embeddable":true,"href":"https:\/\/lagumex.mx\/index\/wp-json\/wp\/v2\/users\/1"}],"replies":[{"embeddable":true,"href":"https:\/\/lagumex.mx\/index\/wp-json\/wp\/v2\/comments?post=1699"}],"version-history":[{"count":1,"href":"https:\/\/lagumex.mx\/index\/wp-json\/wp\/v2\/posts\/1699\/revisions"}],"predecessor-version":[{"id":1701,"href":"https:\/\/lagumex.mx\/index\/wp-json\/wp\/v2\/posts\/1699\/revisions\/1701"}],"wp:featuredmedia":[{"embeddable":true,"href":"https:\/\/lagumex.mx\/index\/wp-json\/wp\/v2\/media\/1700"}],"wp:attachment":[{"href":"https:\/\/lagumex.mx\/index\/wp-json\/wp\/v2\/media?parent=1699"}],"wp:term":[{"taxonomy":"category","embeddable":true,"href":"https:\/\/lagumex.mx\/index\/wp-json\/wp\/v2\/categories?post=1699"},{"taxonomy":"post_tag","embeddable":true,"href":"https:\/\/lagumex.mx\/index\/wp-json\/wp\/v2\/tags?post=1699"}],"curies":[{"name":"wp","href":"https:\/\/api.w.org\/{rel}","templated":true}]}}