{"id":1696,"date":"2023-12-09T13:40:32","date_gmt":"2023-12-09T13:40:32","guid":{"rendered":"http:\/\/lagumex.mx\/index\/?p=1696"},"modified":"2023-12-19T13:41:50","modified_gmt":"2023-12-19T13:41:50","slug":"ultimos-3-dias-para-acudir-por-cartilla-liberada-en-lerdo","status":"publish","type":"post","link":"https:\/\/lagumex.mx\/index\/lerdo\/ultimos-3-dias-para-acudir-por-cartilla-liberada-en-lerdo\/","title":{"rendered":"\u00daltimos 3 d\u00edas para acudir por cartilla liberada en Lerdo"},"content":{"rendered":"\n<p>09 de diciembre de 2023, El Gobierno de Ciudad Lerdo, a trav\u00e9s del Departamento de Junta Municipal de Reclutamiento informa, que el 16, 17, y 30 de diciembre son los \u00faltimos d\u00edas para que los j\u00f3venes de la clase 2004 y remisos acudan por su cartilla del\u00a0<strong>servicio militar nacional liberada<\/strong>, al Auditorio Municipal, en un horario de 8:00 a 13:00 hrs. Cabe se\u00f1alar que esta informaci\u00f3n est\u00e1 dirigida *\u00fanicamente para los<strong>\u00a0j\u00f3venes de la clase 2004\u00a0<\/strong>y remisos que entregaron en el m\u00f3dulo de recepci\u00f3n, el primer mes del presente a\u00f1o (enero 2023), su media cartilla para ser liberada. <\/p>\n\n\n\n<p>Si no se acude por el documento oficial dentro de los d\u00edas estipulados (16, 17, y 30 de diciembre),&nbsp;<strong>el due\u00f1o de la cartilla deber\u00e1 trasladarse hasta la D\u00e9cima Zona Militar (a Durango capital)&nbsp;<\/strong>en un periodo no mayor de tres meses, o de lo contrario, la cartilla ser\u00e1 incinerada y se deber\u00e1 solicitar su reposici\u00f3n ah\u00ed mismo.<\/p>\n\n\n\n<p>Al asistir al Auditorio Municipal (en la Unidad Deportiva &#8216;Francisco Sarabia&#8217; del boulevard Miguel Alem\u00e1n), el interesado deber\u00e1 presentar su recibo original de la Cartilla de Identidad Militar, identificaci\u00f3n con fotograf\u00eda (original y copia), memorizar su n\u00famero de matr\u00edcula, vestir adecuadamente (no short, ni pantaloneras, pantalones rotos o deslavados), con cabello corto (laterales #1, superior #2), afeitado y sin accesorios en el rostro y cuello (piercings, aretes o cadenas).<\/p>\n","protected":false},"excerpt":{"rendered":"<p>09 de diciembre de 2023, El Gobierno de Ciudad Lerdo, a trav\u00e9s del Departamento de Junta Municipal de Reclutamiento informa, que el 16, 17, y 30 de diciembre son los \u00faltimos d\u00edas para que los j\u00f3venes de la clase 2004 y remisos acudan por su cartilla del\u00a0servicio militar nacional liberada, al Auditorio Municipal, en un&#8230;<\/p>\n","protected":false},"author":1,"featured_media":1697,"comment_status":"open","ping_status":"open","sticky":false,"template":"","format":"standard","meta":{"footnotes":""},"categories":[3],"tags":[],"class_list":["post-1696","post","type-post","status-publish","format-standard","has-post-thumbnail","hentry","category-lerdo"],"_links":{"self":[{"href":"https:\/\/lagumex.mx\/index\/wp-json\/wp\/v2\/posts\/1696","targetHints":{"allow":["GET"]}}],"collection":[{"href":"https:\/\/lagumex.mx\/index\/wp-json\/wp\/v2\/posts"}],"about":[{"href":"https:\/\/lagumex.mx\/index\/wp-json\/wp\/v2\/types\/post"}],"author":[{"embeddable":true,"href":"https:\/\/lagumex.mx\/index\/wp-json\/wp\/v2\/users\/1"}],"replies":[{"embeddable":true,"href":"https:\/\/lagumex.mx\/index\/wp-json\/wp\/v2\/comments?post=1696"}],"version-history":[{"count":1,"href":"https:\/\/lagumex.mx\/index\/wp-json\/wp\/v2\/posts\/1696\/revisions"}],"predecessor-version":[{"id":1698,"href":"https:\/\/lagumex.mx\/index\/wp-json\/wp\/v2\/posts\/1696\/revisions\/1698"}],"wp:featuredmedia":[{"embeddable":true,"href":"https:\/\/lagumex.mx\/index\/wp-json\/wp\/v2\/media\/1697"}],"wp:attachment":[{"href":"https:\/\/lagumex.mx\/index\/wp-json\/wp\/v2\/media?parent=1696"}],"wp:term":[{"taxonomy":"category","embeddable":true,"href":"https:\/\/lagumex.mx\/index\/wp-json\/wp\/v2\/categories?post=1696"},{"taxonomy":"post_tag","embeddable":true,"href":"https:\/\/lagumex.mx\/index\/wp-json\/wp\/v2\/tags?post=1696"}],"curies":[{"name":"wp","href":"https:\/\/api.w.org\/{rel}","templated":true}]}}