{"id":1691,"date":"2023-12-11T13:38:17","date_gmt":"2023-12-11T13:38:17","guid":{"rendered":"http:\/\/lagumex.mx\/index\/?p=1691"},"modified":"2023-12-19T13:39:06","modified_gmt":"2023-12-19T13:39:06","slug":"invitan-a-brigada-de-salud-en-san-isidro","status":"publish","type":"post","link":"https:\/\/lagumex.mx\/index\/lerdo\/invitan-a-brigada-de-salud-en-san-isidro\/","title":{"rendered":"Invitan a brigada de salud en San Isidro"},"content":{"rendered":"\n<p>11 de diciembre de 2023, El titular del departamento de\u00a0<strong>Prevenci\u00f3n Social y Resguardo Canino, Roberto Carlos Calder\u00f3n<\/strong>, comparti\u00f3 que el mi\u00e9rcoles 13 de diciembre se llevar\u00e1 a cabo la Brigada de Salud con atenci\u00f3n m\u00e9dica a la ciudadan\u00eda, y los servicios de\u00a0<strong>vacunaci\u00f3n antirr\u00e1bica y desparasitaci\u00f3n animal<\/strong>, en el Centro Comunitario de la colonia San Isidro. El funcionario se\u00f1al\u00f3 que mediante el m\u00f3dulo de atenci\u00f3n se consultar\u00e1 a las personas que as\u00ed lo requieran, y record\u00f3 que en esta temporada de fr\u00edo es importante tomar las precauciones necesarias para evitar contraer una\u00a0<strong>enfermedad respiratoria<\/strong>, ya sea un resfriado, gripe, o algo peor como bronquitis, neumon\u00eda, COVID. <\/p>\n\n\n\n<p>Por otra parte, indic\u00f3 que la Campa\u00f1a de Salud para Mascotas contin\u00faa vigente en el territorio lerdense, llegando a cada colonia, comunidad y villa con la desparasitaci\u00f3n en animales, que es una<strong>&nbsp;protecci\u00f3n contra par\u00e1sitos intestinales, como gusanos o lombrices, y externos<\/strong>, como pulgas, garrapatas y otros \u00e1caros.<\/p>\n\n\n\n<p>Y en cuanto a la vacunaci\u00f3n contra la rabia, este biol\u00f3gico debe aplicarse cada a\u00f1o, iniciando una vez cumplido el primer mes de la mascota y una<strong>&nbsp;dosis de refuerzo al cumplir tres meses de vida<\/strong>, a fin de protegerla contra el virus.<\/p>\n","protected":false},"excerpt":{"rendered":"<p>11 de diciembre de 2023, El titular del departamento de\u00a0Prevenci\u00f3n Social y Resguardo Canino, Roberto Carlos Calder\u00f3n, comparti\u00f3 que el mi\u00e9rcoles 13 de diciembre se llevar\u00e1 a cabo la Brigada de Salud con atenci\u00f3n m\u00e9dica a la ciudadan\u00eda, y los servicios de\u00a0vacunaci\u00f3n antirr\u00e1bica y desparasitaci\u00f3n animal, en el Centro Comunitario de la colonia San Isidro&#8230;.<\/p>\n","protected":false},"author":1,"featured_media":0,"comment_status":"open","ping_status":"open","sticky":false,"template":"","format":"standard","meta":{"footnotes":""},"categories":[3],"tags":[],"class_list":["post-1691","post","type-post","status-publish","format-standard","hentry","category-lerdo"],"_links":{"self":[{"href":"https:\/\/lagumex.mx\/index\/wp-json\/wp\/v2\/posts\/1691","targetHints":{"allow":["GET"]}}],"collection":[{"href":"https:\/\/lagumex.mx\/index\/wp-json\/wp\/v2\/posts"}],"about":[{"href":"https:\/\/lagumex.mx\/index\/wp-json\/wp\/v2\/types\/post"}],"author":[{"embeddable":true,"href":"https:\/\/lagumex.mx\/index\/wp-json\/wp\/v2\/users\/1"}],"replies":[{"embeddable":true,"href":"https:\/\/lagumex.mx\/index\/wp-json\/wp\/v2\/comments?post=1691"}],"version-history":[{"count":1,"href":"https:\/\/lagumex.mx\/index\/wp-json\/wp\/v2\/posts\/1691\/revisions"}],"predecessor-version":[{"id":1692,"href":"https:\/\/lagumex.mx\/index\/wp-json\/wp\/v2\/posts\/1691\/revisions\/1692"}],"wp:attachment":[{"href":"https:\/\/lagumex.mx\/index\/wp-json\/wp\/v2\/media?parent=1691"}],"wp:term":[{"taxonomy":"category","embeddable":true,"href":"https:\/\/lagumex.mx\/index\/wp-json\/wp\/v2\/categories?post=1691"},{"taxonomy":"post_tag","embeddable":true,"href":"https:\/\/lagumex.mx\/index\/wp-json\/wp\/v2\/tags?post=1691"}],"curies":[{"name":"wp","href":"https:\/\/api.w.org\/{rel}","templated":true}]}}