{"id":1689,"date":"2023-12-12T13:37:17","date_gmt":"2023-12-12T13:37:17","guid":{"rendered":"http:\/\/lagumex.mx\/index\/?p=1689"},"modified":"2023-12-19T13:38:16","modified_gmt":"2023-12-19T13:38:16","slug":"en-lerdo-invitan-a-disfrutar-del-festival-como-la-laguna-ninguna-2023","status":"publish","type":"post","link":"https:\/\/lagumex.mx\/index\/lerdo\/en-lerdo-invitan-a-disfrutar-del-festival-como-la-laguna-ninguna-2023\/","title":{"rendered":"En Lerdo invitan a disfrutar del Festival Como La Laguna Ninguna 2023"},"content":{"rendered":"\n<p>12 de diciembre de 2023, Lerdo, Durango (OEM).- El \u00e1rea de Turismo del Ayuntamiento de Lerdo, record\u00f3 que sigue abierta la invitaci\u00f3n para el Festival Como La Laguna Ninguna el cual est\u00e1 programado a partid del pr\u00f3ximo d\u00eda 17 al 21 de diciembre donde se espera un ambiente cien por ciento familiar. V\u00edctor Guti\u00e9rrez del \u00e1rea de Turismo de Lerdo, Durango, comparti\u00f3 hay una gran expectativa ante la edici\u00f3n 2023 de esta festival que uno de sus objetivos es que se convierta ya en toda una tradici\u00f3n. <\/p>\n\n\n\n<p>La Regi\u00f3n Lagunera vibrar\u00e1 con seis eventos masivos y diversas actividades culturales para todas las edades y todos los gustos; los cuales se desarrollar\u00e1n en los municipios de G\u00f3mez Palacio y Lerdo.<\/p>\n\n\n\n<p>Por su parte Ra\u00fal Meraz, subsecretario general de gobierno dio a conocer que \u201cInici\u00e1remos el pr\u00f3ximo domingo 17 de diciembre con la llegada a la Plaza de Armas de G\u00f3mez Palacio de la talentosa Alicia Villarreal, conocida como la g\u00fcerita consentida, para deslumbrar al p\u00fablico con su versatilidad musical, pues lo mismo interpreta m\u00fasica grupera, cumbia que el regional mexicano\u201d precis\u00f3.<\/p>\n\n\n\n<p><\/p>\n","protected":false},"excerpt":{"rendered":"<p>12 de diciembre de 2023, Lerdo, Durango (OEM).- El \u00e1rea de Turismo del Ayuntamiento de Lerdo, record\u00f3 que sigue abierta la invitaci\u00f3n para el Festival Como La Laguna Ninguna el cual est\u00e1 programado a partid del pr\u00f3ximo d\u00eda 17 al 21 de diciembre donde se espera un ambiente cien por ciento familiar. V\u00edctor Guti\u00e9rrez del&#8230;<\/p>\n","protected":false},"author":1,"featured_media":0,"comment_status":"open","ping_status":"open","sticky":false,"template":"","format":"standard","meta":{"footnotes":""},"categories":[3],"tags":[],"class_list":["post-1689","post","type-post","status-publish","format-standard","hentry","category-lerdo"],"_links":{"self":[{"href":"https:\/\/lagumex.mx\/index\/wp-json\/wp\/v2\/posts\/1689","targetHints":{"allow":["GET"]}}],"collection":[{"href":"https:\/\/lagumex.mx\/index\/wp-json\/wp\/v2\/posts"}],"about":[{"href":"https:\/\/lagumex.mx\/index\/wp-json\/wp\/v2\/types\/post"}],"author":[{"embeddable":true,"href":"https:\/\/lagumex.mx\/index\/wp-json\/wp\/v2\/users\/1"}],"replies":[{"embeddable":true,"href":"https:\/\/lagumex.mx\/index\/wp-json\/wp\/v2\/comments?post=1689"}],"version-history":[{"count":1,"href":"https:\/\/lagumex.mx\/index\/wp-json\/wp\/v2\/posts\/1689\/revisions"}],"predecessor-version":[{"id":1690,"href":"https:\/\/lagumex.mx\/index\/wp-json\/wp\/v2\/posts\/1689\/revisions\/1690"}],"wp:attachment":[{"href":"https:\/\/lagumex.mx\/index\/wp-json\/wp\/v2\/media?parent=1689"}],"wp:term":[{"taxonomy":"category","embeddable":true,"href":"https:\/\/lagumex.mx\/index\/wp-json\/wp\/v2\/categories?post=1689"},{"taxonomy":"post_tag","embeddable":true,"href":"https:\/\/lagumex.mx\/index\/wp-json\/wp\/v2\/tags?post=1689"}],"curies":[{"name":"wp","href":"https:\/\/api.w.org\/{rel}","templated":true}]}}