{"id":1684,"date":"2023-12-14T13:35:13","date_gmt":"2023-12-14T13:35:13","guid":{"rendered":"http:\/\/lagumex.mx\/index\/?p=1684"},"modified":"2023-12-19T13:36:25","modified_gmt":"2023-12-19T13:36:25","slug":"lunes-y-martes-se-interrumpira-el-suministro-de-agua-en-lerdo","status":"publish","type":"post","link":"https:\/\/lagumex.mx\/index\/lerdo\/lunes-y-martes-se-interrumpira-el-suministro-de-agua-en-lerdo\/","title":{"rendered":"Lunes y martes se interrumpir\u00e1 el suministro de agua en Lerdo"},"content":{"rendered":"\n<p>14 de diciembre de 2023, Lerdo, Durango.- Este jueves, durante la sesi\u00f3n ordinaria de Cabildo n\u00famero 60, el Presidente Municipal dio a conocer que durante los d\u00edas lunes y martes de la pr\u00f3xima semana, se suspender\u00e1 el suministro de agua potable en la ciudad, debido a que se llevar\u00e1 a cabo un paro programado, de los nueve pozos del \u00e1rea de San Fernando, como parte de las obras complementarias para el proyecto Agua Saludable Para La Laguna. Esto se realiza en preparaci\u00f3n para el arranque del proyecto Agua Saludable para La Laguna en Lerdo, el cual est\u00e1 programado para comenzar el pr\u00f3ximo 21 de diciembre, de acuerdo al compromiso del Presidente de la Rep\u00fablica, Andr\u00e9s Manuel L\u00f3pez Obrador. <\/p>\n\n\n\n<p>El edil mencion\u00f3 que, para avanzar con los preparativos de la megaobra, actualmente se trabaja en la realizaci\u00f3n de las obras necesarias para interconectar la tuber\u00eda al Sistema de Agua del Municipio (SAPAL) a la tuber\u00eda de Agua Saludable, maniobras que inician el pr\u00f3ximo lunes 18 de diciembre.<\/p>\n\n\n\n<p>\u00abLa intenci\u00f3n es que a partir de ma\u00f1ana viernes demos inicio a una campa\u00f1a de comunicaci\u00f3n, con 72 horas de anticipaci\u00f3n, para que la ciudadan\u00eda Lerdense se entere, de que los d\u00edas lunes y martes vamos a detener el suministro de agua potable a trav\u00e9s de los pozos de agua de San Fernando, y de \u00e9sta manera puedan prever cualquier molestia\u201c. subray\u00f3.<\/p>\n","protected":false},"excerpt":{"rendered":"<p>14 de diciembre de 2023, Lerdo, Durango.- Este jueves, durante la sesi\u00f3n ordinaria de Cabildo n\u00famero 60, el Presidente Municipal dio a conocer que durante los d\u00edas lunes y martes de la pr\u00f3xima semana, se suspender\u00e1 el suministro de agua potable en la ciudad, debido a que se llevar\u00e1 a cabo un paro programado, de&#8230;<\/p>\n","protected":false},"author":1,"featured_media":1685,"comment_status":"open","ping_status":"open","sticky":false,"template":"","format":"standard","meta":{"footnotes":""},"categories":[3],"tags":[],"class_list":["post-1684","post","type-post","status-publish","format-standard","has-post-thumbnail","hentry","category-lerdo"],"_links":{"self":[{"href":"https:\/\/lagumex.mx\/index\/wp-json\/wp\/v2\/posts\/1684","targetHints":{"allow":["GET"]}}],"collection":[{"href":"https:\/\/lagumex.mx\/index\/wp-json\/wp\/v2\/posts"}],"about":[{"href":"https:\/\/lagumex.mx\/index\/wp-json\/wp\/v2\/types\/post"}],"author":[{"embeddable":true,"href":"https:\/\/lagumex.mx\/index\/wp-json\/wp\/v2\/users\/1"}],"replies":[{"embeddable":true,"href":"https:\/\/lagumex.mx\/index\/wp-json\/wp\/v2\/comments?post=1684"}],"version-history":[{"count":1,"href":"https:\/\/lagumex.mx\/index\/wp-json\/wp\/v2\/posts\/1684\/revisions"}],"predecessor-version":[{"id":1686,"href":"https:\/\/lagumex.mx\/index\/wp-json\/wp\/v2\/posts\/1684\/revisions\/1686"}],"wp:featuredmedia":[{"embeddable":true,"href":"https:\/\/lagumex.mx\/index\/wp-json\/wp\/v2\/media\/1685"}],"wp:attachment":[{"href":"https:\/\/lagumex.mx\/index\/wp-json\/wp\/v2\/media?parent=1684"}],"wp:term":[{"taxonomy":"category","embeddable":true,"href":"https:\/\/lagumex.mx\/index\/wp-json\/wp\/v2\/categories?post=1684"},{"taxonomy":"post_tag","embeddable":true,"href":"https:\/\/lagumex.mx\/index\/wp-json\/wp\/v2\/tags?post=1684"}],"curies":[{"name":"wp","href":"https:\/\/api.w.org\/{rel}","templated":true}]}}