{"id":1669,"date":"2023-12-19T01:28:00","date_gmt":"2023-12-19T01:28:00","guid":{"rendered":"http:\/\/lagumex.mx\/index\/?p=1669"},"modified":"2023-12-19T13:30:04","modified_gmt":"2023-12-19T13:30:04","slug":"lerdo-vibra-con-la-musica-de-bobby-pulido-en-como-la-laguna-ninguna","status":"publish","type":"post","link":"https:\/\/lagumex.mx\/index\/lerdo\/lerdo-vibra-con-la-musica-de-bobby-pulido-en-como-la-laguna-ninguna\/","title":{"rendered":"Lerdo vibra con la m\u00fasica de Bobby Pulido en &#8216;Como La Laguna Ninguna&#8217;"},"content":{"rendered":"\n<p>19 de diciembre de 2023, Lerdo, Durango.- El cantautor estadounidense Bobby Pulido puso a bailar a la comarca Lagunera la noche del lunes 18 de diciembre, en el festival Como La Laguna, Ninguna 2023. El evento de desarroll\u00f3 en el Paseo Sarabia de Ciudad Lerdo, frente a la Presidencia Municipal. En punto de las 20 horas, Bobby Pulido subi\u00f3 al escenario y agradeci\u00f3 al Presidente Municipal Homero Mart\u00ednez Cabrera y la diputada Susy Torrecillas por el gran recibimiento. De igual forma, al gobernador del Estado de Durango, Esteban Villegas, por impulsar este tipo de eventos culturales. <\/p>\n\n\n\n<p>Los asistentes no dejaron pasar la oportunidad de bailar y corear las melod\u00edas Vanidosa, Ojala Y Te Animes, Le Pedir\u00e9, Para Que Baile Mi Pueblo, Ll\u00e9vame Contigo, Que M\u00e1s Te Puedo Dar y Llegaste A Mi Vida.<\/p>\n\n\n\n<p>Adem\u00e1s, el reconocido cantante del tex-mex, interpret\u00f3 diversos g\u00e9neros musicales conquistando a todas las audiencias; enton\u00f3 un popurr\u00ed de Vicente Fern\u00e1ndez con las canciones Hermoso Cari\u00f1o, Ac\u00e1 Entre Nos y Mi Ranchito, as\u00ed como Tu C\u00e1rcel del Bukis.<\/p>\n","protected":false},"excerpt":{"rendered":"<p>19 de diciembre de 2023, Lerdo, Durango.- El cantautor estadounidense Bobby Pulido puso a bailar a la comarca Lagunera la noche del lunes 18 de diciembre, en el festival Como La Laguna, Ninguna 2023. El evento de desarroll\u00f3 en el Paseo Sarabia de Ciudad Lerdo, frente a la Presidencia Municipal. En punto de las 20&#8230;<\/p>\n","protected":false},"author":1,"featured_media":1670,"comment_status":"open","ping_status":"open","sticky":false,"template":"","format":"standard","meta":{"footnotes":""},"categories":[3],"tags":[],"class_list":["post-1669","post","type-post","status-publish","format-standard","has-post-thumbnail","hentry","category-lerdo"],"_links":{"self":[{"href":"https:\/\/lagumex.mx\/index\/wp-json\/wp\/v2\/posts\/1669","targetHints":{"allow":["GET"]}}],"collection":[{"href":"https:\/\/lagumex.mx\/index\/wp-json\/wp\/v2\/posts"}],"about":[{"href":"https:\/\/lagumex.mx\/index\/wp-json\/wp\/v2\/types\/post"}],"author":[{"embeddable":true,"href":"https:\/\/lagumex.mx\/index\/wp-json\/wp\/v2\/users\/1"}],"replies":[{"embeddable":true,"href":"https:\/\/lagumex.mx\/index\/wp-json\/wp\/v2\/comments?post=1669"}],"version-history":[{"count":1,"href":"https:\/\/lagumex.mx\/index\/wp-json\/wp\/v2\/posts\/1669\/revisions"}],"predecessor-version":[{"id":1671,"href":"https:\/\/lagumex.mx\/index\/wp-json\/wp\/v2\/posts\/1669\/revisions\/1671"}],"wp:featuredmedia":[{"embeddable":true,"href":"https:\/\/lagumex.mx\/index\/wp-json\/wp\/v2\/media\/1670"}],"wp:attachment":[{"href":"https:\/\/lagumex.mx\/index\/wp-json\/wp\/v2\/media?parent=1669"}],"wp:term":[{"taxonomy":"category","embeddable":true,"href":"https:\/\/lagumex.mx\/index\/wp-json\/wp\/v2\/categories?post=1669"},{"taxonomy":"post_tag","embeddable":true,"href":"https:\/\/lagumex.mx\/index\/wp-json\/wp\/v2\/tags?post=1669"}],"curies":[{"name":"wp","href":"https:\/\/api.w.org\/{rel}","templated":true}]}}