{"id":1661,"date":"2023-12-16T13:24:05","date_gmt":"2023-12-16T13:24:05","guid":{"rendered":"http:\/\/lagumex.mx\/index\/?p=1661"},"modified":"2023-12-19T13:24:49","modified_gmt":"2023-12-19T13:24:49","slug":"regresan-esteban-y-tono-el-trenecito-del-parque-guadiana-a-todos-los-duranguenses","status":"publish","type":"post","link":"https:\/\/lagumex.mx\/index\/durango\/regresan-esteban-y-tono-el-trenecito-del-parque-guadiana-a-todos-los-duranguenses\/","title":{"rendered":"Regresan Esteban y To\u00f1o el \u201cTrenecito\u201d del Parque Guadiana a todos los duranguenses"},"content":{"rendered":"\n<p>16 de diciembre de 2023. Con el apoyo del Gobierno Municipal reiniciar\u00e1 operaciones los fines de semana de 12 a 20 hrs.<\/p>\n\n\n\n<p>Luego de cuatro a\u00f1os sin funcionar por falta de mantenimiento, el tradicional Trenecito Infantil del Parque Guadiana volvi\u00f3 al ser puesto en marcha por el gobernador Esteban Villegas, su esposa Marisol Rosso y el alcalde To\u00f1o Ochoa, quienes junto a grandes y peque\u00f1os disfrutaron nuevamente de un divertido paseo.<\/p>\n\n\n\n<p>Nuestros ni\u00f1os y todas las familias de Durango, merecen de estos espacios recreativos para convivir, dijo el Mandatario al anunciar que con la reactivaci\u00f3n de este ic\u00f3nico atractivo tur\u00edstico, inicia la reconstrucci\u00f3n del Parque Guadiana.<\/p>\n\n\n\n<p>\u201cLos fines de semana atenderemos a poco m\u00e1s de 6 mil ni\u00f1os junto con sus pap\u00e1s; el tren es seguro y est\u00e1 funcionando para deleite de todos ustedes c\u00f3mo un atractivo tur\u00edstico nuevamente\u201d, expres\u00f3 el director general del Museo Interactivo Bebeleche, Alfredo Andrade Gallegos, al detallar que la jornada ser\u00e1 los d\u00edas viernes, s\u00e1bado y domingo de 12:00 a 20:00 horas.<\/p>\n\n\n\n<p>Por su parte, el presidente municipal, To\u00f1o Ochoa, agradeci\u00f3 a Esteban por ser un gran aliado y asegur\u00f3 que juntos seguir\u00e1n trabajando y construyendo a favor del pueblo duranguense, \u201cgracias gobernador, a tu esfuerzo, dedicaci\u00f3n y&nbsp;&nbsp; compromiso podemos tener un municipio s\u00f3lido y fuerte\u201d, a\u00f1adi\u00f3.<\/p>\n\n\n\n<p>Luc\u00eda Arrieta, con gran alegr\u00eda platic\u00f3 que llev\u00f3 a sus hijos para que se subieran al Trenecito Infantil y vivieran esta gran experiencia; \u201cmuy padre, no esper\u00e1bamos menos de Esteban y To\u00f1o, est\u00e1 muy bien todo lo que est\u00e1n haciendo, los ni\u00f1os est\u00e1n muy emocionados, les gust\u00f3 mucho el paseo\u201d, concluy\u00f3.<\/p>\n\n\n\n<p>El Mandatario, su esposa y el alcalde, recorrieron el parque en este divertido veh\u00edculo que por a\u00f1os permaneci\u00f3 en el olvido, donde disfrutaron de la naturaleza que ofrece el parque m\u00e1s tradicional de la capital.<\/p>\n\n\n\n<p>All\u00ed entregaron sorpresas y aguinaldos a los peque\u00f1os asistentes e invitaron a todos a vivir la experiencia de las actividades que ofrece el Gobierno Estatal y Municipal para esta temporada decembrina como la exposici\u00f3n de dimensiones prehist\u00f3ricas en el Museo Bebeleche, el tradicional nacimiento y a la Feria Navide\u00f1a, completamente gratis.<\/p>\n","protected":false},"excerpt":{"rendered":"<p>16 de diciembre de 2023. Con el apoyo del Gobierno Municipal reiniciar\u00e1 operaciones los fines de semana de 12 a 20 hrs. Luego de cuatro a\u00f1os sin funcionar por falta de mantenimiento, el tradicional Trenecito Infantil del Parque Guadiana volvi\u00f3 al ser puesto en marcha por el gobernador Esteban Villegas, su esposa Marisol Rosso y&#8230;<\/p>\n","protected":false},"author":1,"featured_media":0,"comment_status":"open","ping_status":"open","sticky":false,"template":"","format":"standard","meta":{"footnotes":""},"categories":[1],"tags":[],"class_list":["post-1661","post","type-post","status-publish","format-standard","hentry","category-durango"],"_links":{"self":[{"href":"https:\/\/lagumex.mx\/index\/wp-json\/wp\/v2\/posts\/1661","targetHints":{"allow":["GET"]}}],"collection":[{"href":"https:\/\/lagumex.mx\/index\/wp-json\/wp\/v2\/posts"}],"about":[{"href":"https:\/\/lagumex.mx\/index\/wp-json\/wp\/v2\/types\/post"}],"author":[{"embeddable":true,"href":"https:\/\/lagumex.mx\/index\/wp-json\/wp\/v2\/users\/1"}],"replies":[{"embeddable":true,"href":"https:\/\/lagumex.mx\/index\/wp-json\/wp\/v2\/comments?post=1661"}],"version-history":[{"count":1,"href":"https:\/\/lagumex.mx\/index\/wp-json\/wp\/v2\/posts\/1661\/revisions"}],"predecessor-version":[{"id":1662,"href":"https:\/\/lagumex.mx\/index\/wp-json\/wp\/v2\/posts\/1661\/revisions\/1662"}],"wp:attachment":[{"href":"https:\/\/lagumex.mx\/index\/wp-json\/wp\/v2\/media?parent=1661"}],"wp:term":[{"taxonomy":"category","embeddable":true,"href":"https:\/\/lagumex.mx\/index\/wp-json\/wp\/v2\/categories?post=1661"},{"taxonomy":"post_tag","embeddable":true,"href":"https:\/\/lagumex.mx\/index\/wp-json\/wp\/v2\/tags?post=1661"}],"curies":[{"name":"wp","href":"https:\/\/api.w.org\/{rel}","templated":true}]}}