{"id":1649,"date":"2023-12-12T13:18:11","date_gmt":"2023-12-12T13:18:11","guid":{"rendered":"http:\/\/lagumex.mx\/index\/?p=1649"},"modified":"2023-12-19T13:19:31","modified_gmt":"2023-12-19T13:19:31","slug":"magia-y-diversion-en-la-feria-navidena-esteban","status":"publish","type":"post","link":"https:\/\/lagumex.mx\/index\/durango\/magia-y-diversion-en-la-feria-navidena-esteban\/","title":{"rendered":"Magia y diversi\u00f3n en la Feria Navide\u00f1a: Esteban"},"content":{"rendered":"\n<p>12 de diciembre de 2023. Habr\u00e1 pista de hielo, posadas, pi\u00f1atas, aguinaldos, presentaciones art\u00edsticas, pastorelas y transporte gratuito.<\/p>\n\n\n\n<p>Para que todos tengan&nbsp; la oportunidad de vivir la magia de la Navidad, el Gobierno de Esteban pone a su alcance la \u201cFeria Navide\u00f1a Durango 2023\u201d, que se llevar\u00e1 a cabo del 16 de diciembre al 7 de enero en las instalaciones de la FENADU.<\/p>\n\n\n\n<p>As\u00ed lo dio a conocer el Mandatario Estatal, quien acompa\u00f1ado por su esposa Marisol Rosso, garantiz\u00f3 la seguridad en todas las actividades para que desde los ni\u00f1os hasta abuelitos puedan disfrutar de esta actividad que se realiza por primera vez.<\/p>\n\n\n\n<p>La inauguraci\u00f3n se llevar\u00e1 a cabo el pr\u00f3ximo s\u00e1bado 16 de diciembre a las 18:00 horas, donde los asistentes podr\u00e1n encontrar una pista de hielo gratuita, juguetes, luces, pi\u00f1atas, aguinaldos, presentaciones art\u00edsticas, posadas, pastorelas, una zona comercial y muchas sorpresas para toda la familia, en un horario de 12:00 a 22:00 horas.<\/p>\n\n\n\n<p>La Feria Navide\u00f1a es una excelente oportunidad para que las familias disfruten de las fiestas decembrinas, por ello, del 16 al 22 de diciembre, se realizar\u00e1n posadas tradicionales a las 6 de la tarde, donde habr\u00e1 pi\u00f1atas, pastorelas y aguinaldos para todos los peque\u00f1os, dijo el director de Ferias, Espect\u00e1culos y Paseos Tur\u00edsticos, Lauro Arce Gallegos.<\/p>\n\n\n\n<p>La entrada al recinto, el estacionamiento y el transporte ser\u00e1n gratuitos; los cuatro puntos para los traslados ser\u00e1n: Plazuela Baca Ortiz, Central Camionera, Parque Guadiana y Soriana Madero, con un horario de servicio de las 14:00 a 23:00 horas.<\/p>\n\n\n\n<p>Adicionalmente, para que los duranguenses sigan disfrutando de estas fiestas decembrinas, en los municipios de Lerdo y G\u00f3mez Palacio, se llevar\u00e1 a cabo el festival \u201cComo la Laguna Ninguna\u201d del 17 al 21 de diciembre, donde las familias podr\u00e1n disfrutar de artistas de renombre y convivir juntos en estas fechas.<\/p>\n","protected":false},"excerpt":{"rendered":"<p>12 de diciembre de 2023. Habr\u00e1 pista de hielo, posadas, pi\u00f1atas, aguinaldos, presentaciones art\u00edsticas, pastorelas y transporte gratuito. Para que todos tengan&nbsp; la oportunidad de vivir la magia de la Navidad, el Gobierno de Esteban pone a su alcance la \u201cFeria Navide\u00f1a Durango 2023\u201d, que se llevar\u00e1 a cabo del 16 de diciembre al 7&#8230;<\/p>\n","protected":false},"author":1,"featured_media":1650,"comment_status":"open","ping_status":"open","sticky":false,"template":"","format":"standard","meta":{"footnotes":""},"categories":[1],"tags":[],"class_list":["post-1649","post","type-post","status-publish","format-standard","has-post-thumbnail","hentry","category-durango"],"_links":{"self":[{"href":"https:\/\/lagumex.mx\/index\/wp-json\/wp\/v2\/posts\/1649","targetHints":{"allow":["GET"]}}],"collection":[{"href":"https:\/\/lagumex.mx\/index\/wp-json\/wp\/v2\/posts"}],"about":[{"href":"https:\/\/lagumex.mx\/index\/wp-json\/wp\/v2\/types\/post"}],"author":[{"embeddable":true,"href":"https:\/\/lagumex.mx\/index\/wp-json\/wp\/v2\/users\/1"}],"replies":[{"embeddable":true,"href":"https:\/\/lagumex.mx\/index\/wp-json\/wp\/v2\/comments?post=1649"}],"version-history":[{"count":1,"href":"https:\/\/lagumex.mx\/index\/wp-json\/wp\/v2\/posts\/1649\/revisions"}],"predecessor-version":[{"id":1651,"href":"https:\/\/lagumex.mx\/index\/wp-json\/wp\/v2\/posts\/1649\/revisions\/1651"}],"wp:featuredmedia":[{"embeddable":true,"href":"https:\/\/lagumex.mx\/index\/wp-json\/wp\/v2\/media\/1650"}],"wp:attachment":[{"href":"https:\/\/lagumex.mx\/index\/wp-json\/wp\/v2\/media?parent=1649"}],"wp:term":[{"taxonomy":"category","embeddable":true,"href":"https:\/\/lagumex.mx\/index\/wp-json\/wp\/v2\/categories?post=1649"},{"taxonomy":"post_tag","embeddable":true,"href":"https:\/\/lagumex.mx\/index\/wp-json\/wp\/v2\/tags?post=1649"}],"curies":[{"name":"wp","href":"https:\/\/api.w.org\/{rel}","templated":true}]}}