{"id":1646,"date":"2023-12-11T13:16:35","date_gmt":"2023-12-11T13:16:35","guid":{"rendered":"http:\/\/lagumex.mx\/index\/?p=1646"},"modified":"2023-12-19T13:18:10","modified_gmt":"2023-12-19T13:18:10","slug":"equipamiento-historico-a-instituciones-de-seguridad-esteban-entrega-patrullas-raizers-blindados-motos-radios-uniformes-armas-y-mas","status":"publish","type":"post","link":"https:\/\/lagumex.mx\/index\/durango\/equipamiento-historico-a-instituciones-de-seguridad-esteban-entrega-patrullas-raizers-blindados-motos-radios-uniformes-armas-y-mas\/","title":{"rendered":"Equipamiento hist\u00f3rico a instituciones de seguridad; Esteban entrega patrullas, raizers blindados, motos, radios, uniformes, armas y m\u00e1s"},"content":{"rendered":"\n<p>11 de diciembre de 2023.Adem\u00e1s arranca operativo de \u201cNavidad Segura 2023\u201d, para que familias duranguenses disfruten de las fiestas en armon\u00eda\u00a0 y en paz.<\/p>\n\n\n\n<p>\u201cQue todo mundo sepa que Durango es seguro y llegaremos al primer lugar de todo el pa\u00eds\u201d, expres\u00f3 el gobernador Esteban Villegas Villarreal durante la entrega hist\u00f3rica de Equipamiento a las Instituciones de Seguridad y la puesta en marcha del Operativo \u201cNavidad Segura\u201d para que las familias duranguenses disfruten de las fiestas decembrinas&nbsp; en armon\u00eda&nbsp; y en paz<\/p>\n\n\n\n<p>Con una inversi\u00f3n de 130 millones de pesos, dot\u00f3 de equipamiento&nbsp; a las corporaciones con 3 Yagus (veh\u00edculos blindados tipo raizer), 600 chalecos, 319 cascos, 28 veh\u00edculos para SSP; 17 camionetas para FGED, 26 terminales port\u00e1tiles, 385 terminales m\u00f3viles, 20 radios Pocs y 30 puntos de video vigilancia; 12 mil 108 uniformes y equipo t\u00e1ctico del SECESP y para&nbsp; Seguridad P\u00fablica, 12 cuatrimotos, 8 motos, 50 armas largas, 40 armas cortas, municiones, 140 chamarras y equipo t\u00e1ctico que consta de 553 chalecos y cascos, as\u00ed como 700 uniformes.<\/p>\n\n\n\n<p>\u201cCuando hay seguridad en un estado, un municipio, una ciudad, todo empieza a caminar de manera distinta, Durango tiene un sistema de seguridad y vamos por el primer lugar nacional en todo lo que conlleva esta materia, porque queremos que la gente que venga a Durango, sepa que&nbsp; es&nbsp; seguro\u201d, se\u00f1al\u00f3 al constatar el profesionalismo de los elementos de seguridad, que realizaron simulacros de operativos&nbsp; para los cuales est\u00e1n capacitados.<\/p>\n\n\n\n<p>Despu\u00e9s de tres a\u00f1os, hoy Fiscal\u00eda General del Estado, tiene radios de comunicaci\u00f3n, tambi\u00e9n 30 municipios recibir\u00e1n un veh\u00edculo patrulla, adem\u00e1s de 4 antenas que se van a colocar en Santiago Papasquiaro, El Salto, una en la capital y otra en la Comarca Lagunera, lo cual generar\u00e1 la interconexi\u00f3n de hasta el 80 por ciento&nbsp; de la poblaci\u00f3n, resalt\u00f3 el Mandatario Estatal al compartir que, se est\u00e1 invirtiendo tambi\u00e9n en tecnolog\u00eda e inteligencia para el C5 y C4 de la Laguna.<\/p>\n\n\n\n<p>El titular de la Secretar\u00eda de Seguridad Publica, Oscar Galv\u00e1n Villarreal, resalt\u00f3 que el Gobernador, dise\u00f1\u00f3 una estrategia integral de seguridad, que&nbsp; comprende el fortalecimiento de las instituciones de Procuraci\u00f3n de Justicia en equipamiento, infraestructura, tecnolog\u00edas, capacitaci\u00f3n y desarrollo policial, que hoy se reflejan en esta entrega, adem\u00e1s de la certificaci\u00f3n total de sus elementos, la capacitaci\u00f3n constante y la tecnolog\u00eda necesaria para desarrollar sus funciones que permiten recuperar la confianza ciudadana y garantizar la tranquilidad y seguridad del estado.<\/p>\n\n\n\n<p>La Fiscal General del Estado, Sonia Yadira de la Garza, especific\u00f3 que con m\u00e1s y mejores herramientas, equipamiento, infraestructura y capacitaci\u00f3n de los elementos, derivados de una mezcla de recurso Estatal con el Fondo de Aportaciones para la Seguridad Publica, sumar\u00e1n resultados positivos y medibles para beneficio de la ciudadan\u00eda, aunado al compromiso de cada uno de los elementos en el combate a la delincuencia, con un respeto irrestricto a los Derechos Humanos y contacto permanente con los sectores m\u00e1s vulnerables de la ciudadan\u00eda.<\/p>\n","protected":false},"excerpt":{"rendered":"<p>11 de diciembre de 2023.Adem\u00e1s arranca operativo de \u201cNavidad Segura 2023\u201d, para que familias duranguenses disfruten de las fiestas en armon\u00eda\u00a0 y en paz. \u201cQue todo mundo sepa que Durango es seguro y llegaremos al primer lugar de todo el pa\u00eds\u201d, expres\u00f3 el gobernador Esteban Villegas Villarreal durante la entrega hist\u00f3rica de Equipamiento a las&#8230;<\/p>\n","protected":false},"author":1,"featured_media":1647,"comment_status":"open","ping_status":"open","sticky":false,"template":"","format":"standard","meta":{"footnotes":""},"categories":[1],"tags":[],"class_list":["post-1646","post","type-post","status-publish","format-standard","has-post-thumbnail","hentry","category-durango"],"_links":{"self":[{"href":"https:\/\/lagumex.mx\/index\/wp-json\/wp\/v2\/posts\/1646","targetHints":{"allow":["GET"]}}],"collection":[{"href":"https:\/\/lagumex.mx\/index\/wp-json\/wp\/v2\/posts"}],"about":[{"href":"https:\/\/lagumex.mx\/index\/wp-json\/wp\/v2\/types\/post"}],"author":[{"embeddable":true,"href":"https:\/\/lagumex.mx\/index\/wp-json\/wp\/v2\/users\/1"}],"replies":[{"embeddable":true,"href":"https:\/\/lagumex.mx\/index\/wp-json\/wp\/v2\/comments?post=1646"}],"version-history":[{"count":1,"href":"https:\/\/lagumex.mx\/index\/wp-json\/wp\/v2\/posts\/1646\/revisions"}],"predecessor-version":[{"id":1648,"href":"https:\/\/lagumex.mx\/index\/wp-json\/wp\/v2\/posts\/1646\/revisions\/1648"}],"wp:featuredmedia":[{"embeddable":true,"href":"https:\/\/lagumex.mx\/index\/wp-json\/wp\/v2\/media\/1647"}],"wp:attachment":[{"href":"https:\/\/lagumex.mx\/index\/wp-json\/wp\/v2\/media?parent=1646"}],"wp:term":[{"taxonomy":"category","embeddable":true,"href":"https:\/\/lagumex.mx\/index\/wp-json\/wp\/v2\/categories?post=1646"},{"taxonomy":"post_tag","embeddable":true,"href":"https:\/\/lagumex.mx\/index\/wp-json\/wp\/v2\/tags?post=1646"}],"curies":[{"name":"wp","href":"https:\/\/api.w.org\/{rel}","templated":true}]}}