{"id":1639,"date":"2023-12-08T13:09:46","date_gmt":"2023-12-08T13:09:46","guid":{"rendered":"http:\/\/lagumex.mx\/index\/?p=1639"},"modified":"2023-12-19T13:12:29","modified_gmt":"2023-12-19T13:12:29","slug":"san-luis-del-cordero-tiene-gobernador-amigo-esteban-les-lleva-acciones-hidraulicas-educativas-piso-firme-bordos-de-abrevadero-y-equipo-policial","status":"publish","type":"post","link":"https:\/\/lagumex.mx\/index\/durango\/san-luis-del-cordero-tiene-gobernador-amigo-esteban-les-lleva-acciones-hidraulicas-educativas-piso-firme-bordos-de-abrevadero-y-equipo-policial\/","title":{"rendered":"\u201cSan Luis del Cordero tiene gobernador amigo\u201d; Esteban les lleva acciones hidr\u00e1ulicas, educativas, piso firme, bordos de abrevadero y equipo policial"},"content":{"rendered":"\n<p>08 de diciembre de 2023. \u201cSu presencia es un testimonio del compromiso con el bienestar de cada comunidad del estado\u201d: Guadalupe Chavarr\u00eda, alcaldesa.<\/p>\n\n\n\n<p>\u201cVamos caminando, estamos haciendo bien las cosas, porque en San Luis del Cordero tienen un amigo y para eso estamos\u2026 para jalar\u201d, afirm\u00f3 el gobernador Esteban Villegas Villarreal, al llevar acciones educativas, hidr\u00e1ulicas, as\u00ed como tinacos, acciones de piso firme, bordos de abrevadero y equipo policial hasta esa regi\u00f3n de la Laguna.<\/p>\n\n\n\n<p>El Ejecutivo Estatal, adelant\u00f3 que se trabaja para la puesta en marcha de un proyecto para agua potable, y en lo corto, concret\u00f3 el fortalecimiento de la unidad m\u00e9dica de la comunidad con la contrataci\u00f3n de una enfermera y al llevar equipamiento para el laboratorio del sistema EMSaD 04, del Colegio de Estudios Cient\u00edficos y Tecnol\u00f3gicos (Cecyted).<\/p>\n\n\n\n<p>Villegas Villarreal aprovech\u00f3 para supervisar la obra del megatanque elevado con capacidad de 600 metros c\u00fabicos que vendr\u00e1 a resolver el tema de agua potable, dicha estructura cuenta con un di\u00e1metro de&nbsp; 10 metros y una altura de 8.4, con el cual se pronostica una garant\u00eda de abastecimiento por 20 a\u00f1os.&nbsp;<\/p>\n\n\n\n<p>En esta gira, en un di\u00e1logo abierto con los habitantes de San Luis del Cordero, atendi\u00f3 sus solicitudes, con temas relacionados con la salud, obras prioritarias y se comprometi\u00f3 a revisar la situaci\u00f3n actual de dos naves industriales que est\u00e1n instaladas en la cabecera, por lo que, se buscar\u00e1 la forma de llevar una maquiladora y seguir ampliando las opciones de empleo y mejorar los ingresos en la regi\u00f3n.<\/p>\n\n\n\n<p>\u201cSu presencia es un testimonio del compromiso con el bienestar de cada comunidad del estado, representa un s\u00edmbolo de apoyo y reconocimiento a los esfuerzo que realizamos\u201d, dijo la presidenta municipal de San Luis del Cordero, Guadalupe Chavarr\u00eda, quien valor\u00f3 el compromiso de Esteban por el progreso y desarrollo de cada regi\u00f3n y que impulsa a trabajar con m\u00e1s empe\u00f1o, asinti\u00f3.<\/p>\n\n\n\n<p>A nombre de los estudiantes del sistema EMSaD 04, del Cecyted, la alumna G\u00e9nesis Sosa, de tercer semestre, se\u00f1al\u00f3 que ahora cuentan con un Gobernador comprometido con la educaci\u00f3n y con todos los sectores, como los diversas acciones que llev\u00f3 al municipio, por eso solicit\u00f3 apoyo para un transformador para evitar fallas de luz el\u00e9ctrica y transporte para los alumnos que van de comunidades m\u00e1s lejanas, peticiones que atendi\u00f3 el Mandatario. En la gira de trabajo tambi\u00e9n estuvieron presentes el Secretario de Seguridad P\u00fablica, Oscar Galv\u00e1n Villarreal; la directora de la Comisi\u00f3n de Agua, Yadira Narv\u00e1ez; el secretario de Educaci\u00f3n, Guillermo Adame Calder\u00f3n; el director general del Cecyted, Diego Armando Flores Arreola; el subsecretario de Gobierno de la Laguna, Ra\u00fal Meraz; el subsecretario de Bienestar, Pablo C\u00e9sar Aguilar y Joel Delgadillo<\/p>\n","protected":false},"excerpt":{"rendered":"<p>08 de diciembre de 2023. \u201cSu presencia es un testimonio del compromiso con el bienestar de cada comunidad del estado\u201d: Guadalupe Chavarr\u00eda, alcaldesa. \u201cVamos caminando, estamos haciendo bien las cosas, porque en San Luis del Cordero tienen un amigo y para eso estamos\u2026 para jalar\u201d, afirm\u00f3 el gobernador Esteban Villegas Villarreal, al llevar acciones educativas,&#8230;<\/p>\n","protected":false},"author":1,"featured_media":0,"comment_status":"open","ping_status":"open","sticky":false,"template":"","format":"standard","meta":{"footnotes":""},"categories":[1],"tags":[],"class_list":["post-1639","post","type-post","status-publish","format-standard","hentry","category-durango"],"_links":{"self":[{"href":"https:\/\/lagumex.mx\/index\/wp-json\/wp\/v2\/posts\/1639","targetHints":{"allow":["GET"]}}],"collection":[{"href":"https:\/\/lagumex.mx\/index\/wp-json\/wp\/v2\/posts"}],"about":[{"href":"https:\/\/lagumex.mx\/index\/wp-json\/wp\/v2\/types\/post"}],"author":[{"embeddable":true,"href":"https:\/\/lagumex.mx\/index\/wp-json\/wp\/v2\/users\/1"}],"replies":[{"embeddable":true,"href":"https:\/\/lagumex.mx\/index\/wp-json\/wp\/v2\/comments?post=1639"}],"version-history":[{"count":1,"href":"https:\/\/lagumex.mx\/index\/wp-json\/wp\/v2\/posts\/1639\/revisions"}],"predecessor-version":[{"id":1640,"href":"https:\/\/lagumex.mx\/index\/wp-json\/wp\/v2\/posts\/1639\/revisions\/1640"}],"wp:attachment":[{"href":"https:\/\/lagumex.mx\/index\/wp-json\/wp\/v2\/media?parent=1639"}],"wp:term":[{"taxonomy":"category","embeddable":true,"href":"https:\/\/lagumex.mx\/index\/wp-json\/wp\/v2\/categories?post=1639"},{"taxonomy":"post_tag","embeddable":true,"href":"https:\/\/lagumex.mx\/index\/wp-json\/wp\/v2\/tags?post=1639"}],"curies":[{"name":"wp","href":"https:\/\/api.w.org\/{rel}","templated":true}]}}