{"id":1620,"date":"2023-12-05T12:43:52","date_gmt":"2023-12-05T12:43:52","guid":{"rendered":"http:\/\/lagumex.mx\/index\/?p=1620"},"modified":"2023-12-19T12:44:59","modified_gmt":"2023-12-19T12:44:59","slug":"con-recurso-historico-esteban-preserva-la-diversidad-cultural-para-promover-actividades-economicas-de-municipios","status":"publish","type":"post","link":"https:\/\/lagumex.mx\/index\/durango\/con-recurso-historico-esteban-preserva-la-diversidad-cultural-para-promover-actividades-economicas-de-municipios\/","title":{"rendered":"Con recurso hist\u00f3rico Esteban preserva la diversidad cultural para promover actividades econ\u00f3micas de municipios"},"content":{"rendered":"\n<p>05 de diciembre de 2023. Direcci\u00f3n de Desarrollo Regional y Municipal PACMyC del Gobierno Federal reconoce impulso de gobiernos estatales para visibilizar pueblos ind\u00edgenas y sus ra\u00edces.<\/p>\n\n\n\n<p>Que no se pierdan las tradiciones, Durango tiene mucho que ofrecer al mundo, como el canto cardenche, artesan\u00edas y tradiciones de pueblos ind\u00edgenas, se\u00f1al\u00f3 el gobernador Esteban Villegas Villarreal, al entregar junto con Paz Virginia Salvador&nbsp; de la direcci\u00f3n de Desarrollo Regional y Municipal del Gobierno Federal, el recurso del Programa de Apoyo a las Culturas Municipales y Comunitarias (PACMyC) para 57 proyectos de 14 municipios.<\/p>\n\n\n\n<p>El Ejecutivo Estatal describi\u00f3 que se trata de un recurso de dos millones de pesos, una cantidad hist\u00f3rica con lo que adem\u00e1s de preservar la diversidad cultural, se promover\u00e1n las actividades econ\u00f3micas de los municipios a fin de dar a conocer sus productos y comercializarlos.<\/p>\n\n\n\n<p>\u201cValdr\u00eda la pena tambi\u00e9n que los que hacen artesan\u00eda, empecemos a buscar el siguiente paso, no solo ayudarles a que hagan las piezas, tambi\u00e9n a qu\u00e9 las vendan, hoy tienen un Gobernador que ama las culturas del pa\u00eds, cuenten conmigo, vamos a hacer cosas grandes, necesito que se la crean\u201d, afirm\u00f3 el Mandatario al reconocer el apoyo de la Federaci\u00f3n para impulsar los grandes creadores locales.<\/p>\n\n\n\n<p>Paz Georgina Salvador Almaz\u00e1n, de la Direcci\u00f3n de Desarrollo Regional y Municipal PACMyC en representaci\u00f3n del Gobierno Federal, dijo que por m\u00e1s de 35 a\u00f1os se apoya a grupos similares para seguir fortaleciendo estos programas y dijo ver a bien el&nbsp; inter\u00e9s de los gobiernos de los estados, de continuar con esto de preservar, desde la lengua materna, se trata de visibilizar a estas poblaciones, asinti\u00f3.<\/p>\n\n\n\n<p>El presidente municipal capitalino, To\u00f1o Ochoa, mencion\u00f3 que esa sensibilidad del Gobernador a las expresiones culturales, nos anima a un sentido de pertenencia, adem\u00e1s del tema de la salud mental, la cultura y el arte y un trabajo en equipo; \u201cgobiernos de coalici\u00f3n dan resultados y se ve como la juventud lo toma con buenos ojos\u201d.<\/p>\n\n\n\n<p>Rub\u00e9n Vargas Garc\u00eda,&nbsp; a nombre de los beneficiarios,&nbsp; con su proyecto \u201cCine N\u00f3mada\u201d,&nbsp; afirm\u00f3 que es de reconocer este empuje de los gobiernos, como lo hace Esteban Villegas, una persona sensible y que entiende la cultura.<\/p>\n\n\n\n<p>&nbsp;Sobre dicho recurso, el director del Instituto de Cultura del Estado (ICED), Javier&nbsp; P\u00e9rez Meza, con la presencia de la secretaria de Turismo, Elisa Haro, dijo que es un hecho sin precedentes y manifest\u00f3 su agrado de ver tanta participaci\u00f3n de todas las personas portadoras de la cultura popular que tuvieron inter\u00e9s en desarrollar un proyecto cultural comunitario dentro del \u00e1mbito urbano o rural de su comunidad.<\/p>\n","protected":false},"excerpt":{"rendered":"<p>05 de diciembre de 2023. Direcci\u00f3n de Desarrollo Regional y Municipal PACMyC del Gobierno Federal reconoce impulso de gobiernos estatales para visibilizar pueblos ind\u00edgenas y sus ra\u00edces. Que no se pierdan las tradiciones, Durango tiene mucho que ofrecer al mundo, como el canto cardenche, artesan\u00edas y tradiciones de pueblos ind\u00edgenas, se\u00f1al\u00f3 el gobernador Esteban Villegas&#8230;<\/p>\n","protected":false},"author":1,"featured_media":0,"comment_status":"open","ping_status":"open","sticky":false,"template":"","format":"standard","meta":{"footnotes":""},"categories":[1],"tags":[],"class_list":["post-1620","post","type-post","status-publish","format-standard","hentry","category-durango"],"_links":{"self":[{"href":"https:\/\/lagumex.mx\/index\/wp-json\/wp\/v2\/posts\/1620","targetHints":{"allow":["GET"]}}],"collection":[{"href":"https:\/\/lagumex.mx\/index\/wp-json\/wp\/v2\/posts"}],"about":[{"href":"https:\/\/lagumex.mx\/index\/wp-json\/wp\/v2\/types\/post"}],"author":[{"embeddable":true,"href":"https:\/\/lagumex.mx\/index\/wp-json\/wp\/v2\/users\/1"}],"replies":[{"embeddable":true,"href":"https:\/\/lagumex.mx\/index\/wp-json\/wp\/v2\/comments?post=1620"}],"version-history":[{"count":1,"href":"https:\/\/lagumex.mx\/index\/wp-json\/wp\/v2\/posts\/1620\/revisions"}],"predecessor-version":[{"id":1621,"href":"https:\/\/lagumex.mx\/index\/wp-json\/wp\/v2\/posts\/1620\/revisions\/1621"}],"wp:attachment":[{"href":"https:\/\/lagumex.mx\/index\/wp-json\/wp\/v2\/media?parent=1620"}],"wp:term":[{"taxonomy":"category","embeddable":true,"href":"https:\/\/lagumex.mx\/index\/wp-json\/wp\/v2\/categories?post=1620"},{"taxonomy":"post_tag","embeddable":true,"href":"https:\/\/lagumex.mx\/index\/wp-json\/wp\/v2\/tags?post=1620"}],"curies":[{"name":"wp","href":"https:\/\/api.w.org\/{rel}","templated":true}]}}