{"id":1609,"date":"2023-12-19T12:39:27","date_gmt":"2023-12-19T12:39:27","guid":{"rendered":"http:\/\/lagumex.mx\/index\/?p=1609"},"modified":"2024-01-02T18:42:59","modified_gmt":"2024-01-02T18:42:59","slug":"secretario-de-educacion-toma-protesta-a-carlos-ramirez-espinoza-como-nuevo-presidente-de-la-asociacion-estatal-de-padres-de-familia","status":"publish","type":"post","link":"https:\/\/lagumex.mx\/index\/durango\/secretario-de-educacion-toma-protesta-a-carlos-ramirez-espinoza-como-nuevo-presidente-de-la-asociacion-estatal-de-padres-de-familia\/","title":{"rendered":"Secretario de Educaci\u00f3n,\u00a0 toma protesta a Carlos Ram\u00edrez Espinoza como nuevo presidente de la Asociaci\u00f3n Estatal de Padres de Familia."},"content":{"rendered":"\n<p>Entreg\u00f3 tambi\u00e9n cuartos adicionales, tinacos e inici\u00f3 la construcci\u00f3n de bordos de abrevadero y mejoramientos de caminos.&nbsp;<\/p>\n\n\n\n<p>19 de diciembre de 2023.-\u201cJalando todos para el mismo rumbo, le ir\u00e1 mejor a San Pedro del Gallo\u201d, expres\u00f3 el gobernador Esteban Villegas al llevar obras y acciones en beneficio de las familias de este municipio, con una inversi\u00f3n de casi 8 millones de pesos.<\/p>\n\n\n\n<p>En esta gira de trabajo por el municipio m\u00e1s peque\u00f1o de la entidad, Villegas Villarreal hizo entrega de acciones como la rehabilitaci\u00f3n de muros en casas, tinacos para almacenamiento de agua, adem\u00e1s de dotar de uniformes a elementos a&nbsp; la polic\u00eda municipal para fortalecer la seguridad de las familias.<\/p>\n\n\n\n<p>All\u00ed, anunci\u00f3 que en pr\u00f3ximos d\u00edas iniciar\u00e1 la construcci\u00f3n de siete bordos de abrevadero e hizo el compromiso para dar celeridad a la colocaci\u00f3n de una antena de se\u00f1al para comunicaci\u00f3n v\u00eda celular.<\/p>\n\n\n\n<p>Tambi\u00e9n se comprometi\u00f3 con los habitantes de este municipio a trabajar en la rehabilitaci\u00f3n de caminos que ten\u00edan a\u00f1os sin mantenimiento, como aquel que conduce a la localidad Los \u00c1ngeles y la v\u00eda que conecta a San Pedro con San Luis del Cordero y Nazas, donde se le invertir\u00e1n 830 mil pesos&nbsp; para dejarlo en buenas condiciones.<\/p>\n\n\n\n<p>En su paso por San Pedro del Gallo, Villegas Villarreal&nbsp; entreg\u00f3 cuartos adicionales a 15 familias como la de Micaela Amaya Garc\u00eda, quien consider\u00f3 esta acci\u00f3n como un regalo para ella y su hijo, ya que anteriormente las condiciones de su vivienda no eran buenas y ahora es una gran diferencia; \u201cme siento casi en la gloria, muy feliz, le agradezco de todo coraz\u00f3n al Gobernador por esto tan bonito\u201d, platic\u00f3.<\/p>\n\n\n\n<p>Al visitar el Santuario de la Virgen de Guadalupe, la Iglesia de San Pedro Ap\u00f3stol y el Presidio, que es una r\u00e9plica de c\u00f3mo se origin\u00f3 el pueblo, el Mandatario reiter\u00f3 que se tiene una gran riqueza cultural y tur\u00edstica, por lo que se buscar\u00e1n estrategias para poder generar una econom\u00eda distinta en esta regi\u00f3n.<\/p>\n\n\n\n<p>El presidente municipal, Salvador Carrasco,&nbsp; reconoci\u00f3 el empe\u00f1o y respaldo de Villegas Villarreal y asegur\u00f3 que con su apoyo, el municipio saldr\u00e1 adelante; \u201cgracias Gobernador por todas las obras y programas para nuestro municipio, vamos trabajando poco a poco pero con usted vamos mejorando y nosotros estamos en la mejor disposici\u00f3n\u201d, finaliz\u00f3.<\/p>\n\n\n\n<p>En el Gobierno de Esteban Villegas, la Asociaci\u00f3n Estatal de Padres de Familia, va a ser un factor importante para regresar los programas de valores y que los padres tengan una participaci\u00f3n m\u00e1s activa en la educaci\u00f3n de los propios hijos, afirm\u00f3 el titular de la Secretar\u00eda de Educaci\u00f3n, Guillermo Adame Calder\u00f3n al tomar protesta del presidente de dicha sociedad, Carlos Ram\u00edrez Espinoza.<\/p>\n\n\n\n<p>La reconstrucci\u00f3n del tejido social y el sistema educativo, es un objetivo primordial en este sexenio, por ello, el Programa Educativo 2023 &#8211; 2028 busca que regresen los padres de familia a las escuelas; que en conjunto con los maestros y directivos se pueda brindar un servicio educativo de calidad que posicione a Durango en los primeros lugares del pa\u00eds, mencion\u00f3 el Secretario.<\/p>\n\n\n\n<p>En la reconstrucci\u00f3n educativa, no se concibe el proceso educativo sin el acompa\u00f1amiento de los padres, por eso la Asociaci\u00f3n Estatal de Padres de Familia, tendr\u00e1 todo el respaldo de este gobierno de Esteban, afirm\u00f3 Adame Calder\u00f3n.<\/p>\n\n\n\n<p>Al ser electo por representantes &nbsp;de la sociedad de padres de familia de los 39 municipios, el nuevo presidente, Carlos Ram\u00edrez Espinoza, expres\u00f3 que se debe trabajar en unidad para llevar a Durango a los primeros lugares en calidad educativa, ya que los pilares de las instituciones, son los pap\u00e1s, la escuela y los hijos, de ah\u00ed la importancia del trabajo en conjunto para que las cosas caminen bien.<\/p>\n\n\n\n<p>\u201cVamos a trabajar en la reconstrucci\u00f3n del tejido social y los valores, es una bandera que vamos a ondear muy fuerte, vamos a ser gestores incansables\u201d, coment\u00f3 Carlos Ram\u00edrez.<\/p>\n\n\n\n<p>En esa misma l\u00ednea, agreg\u00f3 que se continuar\u00e1 redoblando esfuerzos para buscar las condiciones de integridad en la educaci\u00f3n donde haya lugar para el conocimiento, el deporte, la cultura, as\u00ed como tambi\u00e9n el cuidado del medio ambiente, el respeto por la mujer y la inclusi\u00f3n.<\/p>\n","protected":false},"excerpt":{"rendered":"<p>Entreg\u00f3 tambi\u00e9n cuartos adicionales, tinacos e inici\u00f3 la construcci\u00f3n de bordos de abrevadero y mejoramientos de caminos.&nbsp; 19 de diciembre de 2023.-\u201cJalando todos para el mismo rumbo, le ir\u00e1 mejor a San Pedro del Gallo\u201d, expres\u00f3 el gobernador Esteban Villegas al llevar obras y acciones en beneficio de las familias de este municipio, con una&#8230;<\/p>\n","protected":false},"author":1,"featured_media":0,"comment_status":"open","ping_status":"open","sticky":false,"template":"","format":"standard","meta":{"footnotes":""},"categories":[1],"tags":[],"class_list":["post-1609","post","type-post","status-publish","format-standard","hentry","category-durango"],"_links":{"self":[{"href":"https:\/\/lagumex.mx\/index\/wp-json\/wp\/v2\/posts\/1609","targetHints":{"allow":["GET"]}}],"collection":[{"href":"https:\/\/lagumex.mx\/index\/wp-json\/wp\/v2\/posts"}],"about":[{"href":"https:\/\/lagumex.mx\/index\/wp-json\/wp\/v2\/types\/post"}],"author":[{"embeddable":true,"href":"https:\/\/lagumex.mx\/index\/wp-json\/wp\/v2\/users\/1"}],"replies":[{"embeddable":true,"href":"https:\/\/lagumex.mx\/index\/wp-json\/wp\/v2\/comments?post=1609"}],"version-history":[{"count":3,"href":"https:\/\/lagumex.mx\/index\/wp-json\/wp\/v2\/posts\/1609\/revisions"}],"predecessor-version":[{"id":1726,"href":"https:\/\/lagumex.mx\/index\/wp-json\/wp\/v2\/posts\/1609\/revisions\/1726"}],"wp:attachment":[{"href":"https:\/\/lagumex.mx\/index\/wp-json\/wp\/v2\/media?parent=1609"}],"wp:term":[{"taxonomy":"category","embeddable":true,"href":"https:\/\/lagumex.mx\/index\/wp-json\/wp\/v2\/categories?post=1609"},{"taxonomy":"post_tag","embeddable":true,"href":"https:\/\/lagumex.mx\/index\/wp-json\/wp\/v2\/tags?post=1609"}],"curies":[{"name":"wp","href":"https:\/\/api.w.org\/{rel}","templated":true}]}}