{"id":1606,"date":"2023-12-01T12:35:28","date_gmt":"2023-12-01T12:35:28","guid":{"rendered":"http:\/\/lagumex.mx\/index\/?p=1606"},"modified":"2023-12-19T12:38:01","modified_gmt":"2023-12-19T12:38:01","slug":"en-gobierno-de-esteban-padres-de-familia-se-involucraran-de-manera-activa-en-educacion-de-sus-hijos","status":"publish","type":"post","link":"https:\/\/lagumex.mx\/index\/durango\/en-gobierno-de-esteban-padres-de-familia-se-involucraran-de-manera-activa-en-educacion-de-sus-hijos\/","title":{"rendered":"En Gobierno de Esteban, padres de familia se involucrar\u00e1n de manera activa en educaci\u00f3n de sus hijos"},"content":{"rendered":"\n<p>01 de diciembre de 2023. Secretario de Educaci\u00f3n,\u00a0 toma protesta a Carlos Ram\u00edrez Espinoza como nuevo presidente de la Asociaci\u00f3n Estatal de Padres de Familia.<\/p>\n\n\n\n<p>En el Gobierno de Esteban Villegas, la Asociaci\u00f3n Estatal de Padres de Familia, va a ser un factor importante para regresar los programas de valores y que los padres tengan una participaci\u00f3n m\u00e1s activa en la educaci\u00f3n de los propios hijos, afirm\u00f3 el titular de la Secretar\u00eda de Educaci\u00f3n, Guillermo Adame Calder\u00f3n al tomar protesta del presidente de dicha sociedad, Carlos Ram\u00edrez Espinoza.<\/p>\n\n\n\n<p>La reconstrucci\u00f3n del tejido social y el sistema educativo, es un objetivo primordial en este sexenio, por ello, el Programa Educativo 2023 &#8211; 2028 busca que regresen los padres de familia a las escuelas; que en conjunto con los maestros y directivos se pueda brindar un servicio educativo de calidad que posicione a Durango en los primeros lugares del pa\u00eds, mencion\u00f3 el Secretario.<\/p>\n\n\n\n<p>En la reconstrucci\u00f3n educativa, no se concibe el proceso educativo sin el acompa\u00f1amiento de los padres, por eso la Asociaci\u00f3n Estatal de Padres de Familia, tendr\u00e1 todo el respaldo de este gobierno de Esteban, afirm\u00f3 Adame Calder\u00f3n.<\/p>\n\n\n\n<p>Al ser electo por representantes &nbsp;de la sociedad de padres de familia de los 39 municipios, el nuevo presidente, Carlos Ram\u00edrez Espinoza, expres\u00f3 que se debe trabajar en unidad para llevar a Durango a los primeros lugares en calidad educativa, ya que los pilares de las instituciones, son los pap\u00e1s, la escuela y los hijos, de ah\u00ed la importancia del trabajo en conjunto para que las cosas caminen bien.<\/p>\n\n\n\n<p>\u201cVamos a trabajar en la reconstrucci\u00f3n del tejido social y los valores, es una bandera que vamos a ondear muy fuerte, vamos a ser gestores incansables\u201d, coment\u00f3 Carlos Ram\u00edrez.<\/p>\n\n\n\n<p>En esa misma l\u00ednea, agreg\u00f3 que se continuar\u00e1 redoblando esfuerzos para buscar las condiciones de integridad en la educaci\u00f3n donde haya lugar para el conocimiento, el deporte, la cultura, as\u00ed como tambi\u00e9n el cuidado del medio ambiente, el respeto por la mujer y la inclusi\u00f3n.<\/p>\n","protected":false},"excerpt":{"rendered":"<p>01 de diciembre de 2023. Secretario de Educaci\u00f3n,\u00a0 toma protesta a Carlos Ram\u00edrez Espinoza como nuevo presidente de la Asociaci\u00f3n Estatal de Padres de Familia. En el Gobierno de Esteban Villegas, la Asociaci\u00f3n Estatal de Padres de Familia, va a ser un factor importante para regresar los programas de valores y que los padres tengan&#8230;<\/p>\n","protected":false},"author":1,"featured_media":1607,"comment_status":"open","ping_status":"open","sticky":false,"template":"","format":"standard","meta":{"footnotes":""},"categories":[1],"tags":[],"class_list":["post-1606","post","type-post","status-publish","format-standard","has-post-thumbnail","hentry","category-durango"],"_links":{"self":[{"href":"https:\/\/lagumex.mx\/index\/wp-json\/wp\/v2\/posts\/1606","targetHints":{"allow":["GET"]}}],"collection":[{"href":"https:\/\/lagumex.mx\/index\/wp-json\/wp\/v2\/posts"}],"about":[{"href":"https:\/\/lagumex.mx\/index\/wp-json\/wp\/v2\/types\/post"}],"author":[{"embeddable":true,"href":"https:\/\/lagumex.mx\/index\/wp-json\/wp\/v2\/users\/1"}],"replies":[{"embeddable":true,"href":"https:\/\/lagumex.mx\/index\/wp-json\/wp\/v2\/comments?post=1606"}],"version-history":[{"count":1,"href":"https:\/\/lagumex.mx\/index\/wp-json\/wp\/v2\/posts\/1606\/revisions"}],"predecessor-version":[{"id":1608,"href":"https:\/\/lagumex.mx\/index\/wp-json\/wp\/v2\/posts\/1606\/revisions\/1608"}],"wp:featuredmedia":[{"embeddable":true,"href":"https:\/\/lagumex.mx\/index\/wp-json\/wp\/v2\/media\/1607"}],"wp:attachment":[{"href":"https:\/\/lagumex.mx\/index\/wp-json\/wp\/v2\/media?parent=1606"}],"wp:term":[{"taxonomy":"category","embeddable":true,"href":"https:\/\/lagumex.mx\/index\/wp-json\/wp\/v2\/categories?post=1606"},{"taxonomy":"post_tag","embeddable":true,"href":"https:\/\/lagumex.mx\/index\/wp-json\/wp\/v2\/tags?post=1606"}],"curies":[{"name":"wp","href":"https:\/\/api.w.org\/{rel}","templated":true}]}}