{"id":1600,"date":"2023-11-29T17:19:00","date_gmt":"2023-11-29T17:19:00","guid":{"rendered":"http:\/\/lagumex.mx\/index\/?p=1600"},"modified":"2023-12-05T17:19:51","modified_gmt":"2023-12-05T17:19:51","slug":"gobierno-de-esteban-busca-mas-inversiones-extranjeras-en-la-mira-empresa-de-vehiculos-autonomos","status":"publish","type":"post","link":"https:\/\/lagumex.mx\/index\/durango\/gobierno-de-esteban-busca-mas-inversiones-extranjeras-en-la-mira-empresa-de-vehiculos-autonomos\/","title":{"rendered":"Gobierno de Esteban busca m\u00e1s inversiones extranjeras; en la mira empresa de veh\u00edculos aut\u00f3nomos"},"content":{"rendered":"\n<p>29 de noviembre de 2023. El equipo de inversiones del Gobierno del Estado, realiz\u00f3 otra gira de trabajo en el extranjero, ahora en Espa\u00f1a, donde estableci\u00f3 contacto con una empresa de manufactura de veh\u00edculos aut\u00f3nomos, que podr\u00eda visitar la entidad duranguense en diciembre para una posible instalaci\u00f3n, dio a conocer el gobernador Esteban Villegas Villarreal.<\/p>\n\n\n\n<p>Durante la conferencia de prensa \u201cMartes a las 10\u201d, el Mandatario Estatal, reiter\u00f3 que se contin\u00faa con la b\u00fasqueda nuevas empresas extranjeras para que inviertan en la entidad, que generen una derrama econ\u00f3mica y empleos mejor pagados, tal es el caso de este consorcio espa\u00f1ol, que de concretarse su llegada, traer\u00eda consigo una inversi\u00f3n de 142.6 millones de d\u00f3lares y 2 mil 700 empleos en una tercera fase.<\/p>\n\n\n\n<p>A estas empresas, les llam\u00f3 la atenci\u00f3n Durango por la capacidad de gente que pueden contratar para desarrollar nuevas tecnolog\u00edas, lo cual, representa un antes y un despu\u00e9s para el estado; \u201cno solo es una empresa que genera empleos, sino todo lo que viene detr\u00e1s de ella, que se queden las nuevas tecnolog\u00edas en la regi\u00f3n\u201d, expres\u00f3 el Gobernador.<\/p>\n\n\n\n<p>Consider\u00f3 que es necesario que los empresarios comiencen a desarrollar parques industriales y naves especulativas, esto con el fin que el desarrollo de la entidad se de con una planeaci\u00f3n ordenada.<\/p>\n\n\n\n<p>Jaciel Chac\u00f3n Bueno, director de Proyectos y Programas Estrat\u00e9gicos del Gobierno del Estado e integrante del equipo de inversiones, quien visit\u00f3 Espa\u00f1a, resalt\u00f3 que, durante la gira de trabajo se tuvo la posibilidad de establecer un contacto con dicha empresa, que instalar\u00eda una planta de producci\u00f3n en 40 hect\u00e1reas y un crecimiento de la ocupaci\u00f3n de empleos de 180 en una primera etapa, un segundo periodo de mil 440&nbsp; y para culminar en 2 mil 700 plazas laborales.<\/p>\n\n\n\n<p>La llegada de esta empresa, detonar\u00eda un nuevo sistema t\u00e9cnico en la entidad, ya que se dedican a producir veh\u00edculos aut\u00f3nomos, terrestres, a\u00e9reos y mar\u00edtimos, y traer\u00eda consigo un desarrollo tecnol\u00f3gico para la regi\u00f3n, detall\u00f3 Chac\u00f3n Bueno.<\/p>\n\n\n\n<p>Por su parte, Lorena Carrillo Cerrillo, coordinadora ejecutiva de la Coordinaci\u00f3n General de Gabinete, quien tambi\u00e9n visit\u00f3 el pa\u00eds europeo, coment\u00f3 que se trata de una empresa que maneja la tecnolog\u00eda con un sentido de innovaci\u00f3n en el \u00e1mbito de la movilidad con conducci\u00f3n aut\u00f3noma y que Durango les llama la atenci\u00f3n por su potencial, su gente y conectividad, de ah\u00ed que confirmara que s\u00ed est\u00e1n interesados en viajar a la entidad duranguense para concretar las inversiones.<\/p>\n","protected":false},"excerpt":{"rendered":"<p>29 de noviembre de 2023. El equipo de inversiones del Gobierno del Estado, realiz\u00f3 otra gira de trabajo en el extranjero, ahora en Espa\u00f1a, donde estableci\u00f3 contacto con una empresa de manufactura de veh\u00edculos aut\u00f3nomos, que podr\u00eda visitar la entidad duranguense en diciembre para una posible instalaci\u00f3n, dio a conocer el gobernador Esteban Villegas Villarreal&#8230;.<\/p>\n","protected":false},"author":1,"featured_media":0,"comment_status":"open","ping_status":"open","sticky":false,"template":"","format":"standard","meta":{"footnotes":""},"categories":[1],"tags":[],"class_list":["post-1600","post","type-post","status-publish","format-standard","hentry","category-durango"],"_links":{"self":[{"href":"https:\/\/lagumex.mx\/index\/wp-json\/wp\/v2\/posts\/1600","targetHints":{"allow":["GET"]}}],"collection":[{"href":"https:\/\/lagumex.mx\/index\/wp-json\/wp\/v2\/posts"}],"about":[{"href":"https:\/\/lagumex.mx\/index\/wp-json\/wp\/v2\/types\/post"}],"author":[{"embeddable":true,"href":"https:\/\/lagumex.mx\/index\/wp-json\/wp\/v2\/users\/1"}],"replies":[{"embeddable":true,"href":"https:\/\/lagumex.mx\/index\/wp-json\/wp\/v2\/comments?post=1600"}],"version-history":[{"count":1,"href":"https:\/\/lagumex.mx\/index\/wp-json\/wp\/v2\/posts\/1600\/revisions"}],"predecessor-version":[{"id":1601,"href":"https:\/\/lagumex.mx\/index\/wp-json\/wp\/v2\/posts\/1600\/revisions\/1601"}],"wp:attachment":[{"href":"https:\/\/lagumex.mx\/index\/wp-json\/wp\/v2\/media?parent=1600"}],"wp:term":[{"taxonomy":"category","embeddable":true,"href":"https:\/\/lagumex.mx\/index\/wp-json\/wp\/v2\/categories?post=1600"},{"taxonomy":"post_tag","embeddable":true,"href":"https:\/\/lagumex.mx\/index\/wp-json\/wp\/v2\/tags?post=1600"}],"curies":[{"name":"wp","href":"https:\/\/api.w.org\/{rel}","templated":true}]}}