{"id":1593,"date":"2023-11-09T04:54:00","date_gmt":"2023-11-09T04:54:00","guid":{"rendered":"http:\/\/lagumex.mx\/index\/?p=1593"},"modified":"2023-12-05T16:55:04","modified_gmt":"2023-12-05T16:55:04","slug":"en-el-marco-de-este-evento-se-llevaran-a-cabo-diversas-actividades","status":"publish","type":"post","link":"https:\/\/lagumex.mx\/index\/durango\/en-el-marco-de-este-evento-se-llevaran-a-cabo-diversas-actividades\/","title":{"rendered":"En el marco de este evento, se llevar\u00e1n a cabo diversas actividades"},"content":{"rendered":"\n<p>09 de noviembre de 2023.<strong>La coordinadora de Protecci\u00f3n Civil y Bomberos de Lerdo, Isabel Mac\u00edas Sifuentes, anunci\u00f3 la participaci\u00f3n de la corporaci\u00f3n municipal en la 67\u00aa edici\u00f3n de la Asamblea Nacional de Jefes de Bomberos, evento que se lleva a cabo del 7 al 10 de noviembre en la ciudad de San Crist\u00f3bal de las Casas, Chiapas.<\/strong> <\/p>\n\n\n\n<p>Asegur\u00f3 que el apoyo del alcalde, Homero Mart\u00ednez Cabrera, ha sido fundamental para que los bomberos de esta ciudad puedan asistir al encuentro anual. Esta Asamblea Nacional re\u00fane a destacados representantes de cuerpos de bomberos de todo M\u00e9xico, as\u00ed como a colegas internacionales de pa\u00edses como Chile, Estados Unidos, Canad\u00e1 y Guatemala.<\/p>\n\n\n\n<p>En el marco de este evento, se llevar\u00e1n a cabo diversas actividades que enriquecen la formaci\u00f3n y el intercambio de conocimientos entre los elementos, destacando las capacitaciones impartidas por expertos de diferentes estados de la rep\u00fablica y por compa\u00f1eros bomberos de renombre a nivel internacional.<\/p>\n","protected":false},"excerpt":{"rendered":"<p>09 de noviembre de 2023.La coordinadora de Protecci\u00f3n Civil y Bomberos de Lerdo, Isabel Mac\u00edas Sifuentes, anunci\u00f3 la participaci\u00f3n de la corporaci\u00f3n municipal en la 67\u00aa edici\u00f3n de la Asamblea Nacional de Jefes de Bomberos, evento que se lleva a cabo del 7 al 10 de noviembre en la ciudad de San Crist\u00f3bal de las&#8230;<\/p>\n","protected":false},"author":1,"featured_media":0,"comment_status":"open","ping_status":"open","sticky":false,"template":"","format":"standard","meta":{"footnotes":""},"categories":[1],"tags":[],"class_list":["post-1593","post","type-post","status-publish","format-standard","hentry","category-durango"],"_links":{"self":[{"href":"https:\/\/lagumex.mx\/index\/wp-json\/wp\/v2\/posts\/1593","targetHints":{"allow":["GET"]}}],"collection":[{"href":"https:\/\/lagumex.mx\/index\/wp-json\/wp\/v2\/posts"}],"about":[{"href":"https:\/\/lagumex.mx\/index\/wp-json\/wp\/v2\/types\/post"}],"author":[{"embeddable":true,"href":"https:\/\/lagumex.mx\/index\/wp-json\/wp\/v2\/users\/1"}],"replies":[{"embeddable":true,"href":"https:\/\/lagumex.mx\/index\/wp-json\/wp\/v2\/comments?post=1593"}],"version-history":[{"count":1,"href":"https:\/\/lagumex.mx\/index\/wp-json\/wp\/v2\/posts\/1593\/revisions"}],"predecessor-version":[{"id":1594,"href":"https:\/\/lagumex.mx\/index\/wp-json\/wp\/v2\/posts\/1593\/revisions\/1594"}],"wp:attachment":[{"href":"https:\/\/lagumex.mx\/index\/wp-json\/wp\/v2\/media?parent=1593"}],"wp:term":[{"taxonomy":"category","embeddable":true,"href":"https:\/\/lagumex.mx\/index\/wp-json\/wp\/v2\/categories?post=1593"},{"taxonomy":"post_tag","embeddable":true,"href":"https:\/\/lagumex.mx\/index\/wp-json\/wp\/v2\/tags?post=1593"}],"curies":[{"name":"wp","href":"https:\/\/api.w.org\/{rel}","templated":true}]}}