{"id":1591,"date":"2023-11-08T16:52:00","date_gmt":"2023-11-08T16:52:00","guid":{"rendered":"http:\/\/lagumex.mx\/index\/?p=1591"},"modified":"2023-12-05T16:53:33","modified_gmt":"2023-12-05T16:53:33","slug":"lerdo-ciudad-con-cultura","status":"publish","type":"post","link":"https:\/\/lagumex.mx\/index\/durango\/lerdo-ciudad-con-cultura\/","title":{"rendered":"Lerdo ciudad con cultura"},"content":{"rendered":"\n<p>08 de noviembre de 2023. <strong>Las direcciones del Ayuntamiento de Lerdo se reunieron este jueves en el lobby del teatro Hermila Galindo para afinar los \u00faltimos detalles del operativo con el fin de garantizar que los desfiles del 17 y 20 de noviembre, en el marco del 113 aniversario de la Revoluci\u00f3n Mexicana, se desarrollen de la mejor manera.<\/strong> <\/p>\n\n\n\n<p>En representaci\u00f3n del alcalde, Homero Mart\u00ednez Cabrera, el secretario t\u00e9cnico,&nbsp;<strong>Ram\u00f3n Acosta Barrios<\/strong>, presidi\u00f3 la reuni\u00f3n junto con el director de Educaci\u00f3n, Rom\u00e1n Herrera D\u00edaz.<\/p>\n\n\n\n<p>Se inform\u00f3 que el desfile de preescolar ser\u00e1 el viernes 17 de noviembre a las 9:00 horas, partiendo desde el parque Victoria, por la avenida Francisco Sarabia, hasta llegar a la calle Hidalgo, donde terminar\u00e1. Por lo que l<strong>as vialidades que se encuentran alrededor del parque se mantendr\u00e1n cerradas para el tr\u00e1nsito vehicular<\/strong>, al igual que la avenida Sarabia.<\/p>\n","protected":false},"excerpt":{"rendered":"<p>08 de noviembre de 2023. Las direcciones del Ayuntamiento de Lerdo se reunieron este jueves en el lobby del teatro Hermila Galindo para afinar los \u00faltimos detalles del operativo con el fin de garantizar que los desfiles del 17 y 20 de noviembre, en el marco del 113 aniversario de la Revoluci\u00f3n Mexicana, se desarrollen&#8230;<\/p>\n","protected":false},"author":1,"featured_media":0,"comment_status":"open","ping_status":"open","sticky":false,"template":"","format":"standard","meta":{"footnotes":""},"categories":[1],"tags":[],"class_list":["post-1591","post","type-post","status-publish","format-standard","hentry","category-durango"],"_links":{"self":[{"href":"https:\/\/lagumex.mx\/index\/wp-json\/wp\/v2\/posts\/1591","targetHints":{"allow":["GET"]}}],"collection":[{"href":"https:\/\/lagumex.mx\/index\/wp-json\/wp\/v2\/posts"}],"about":[{"href":"https:\/\/lagumex.mx\/index\/wp-json\/wp\/v2\/types\/post"}],"author":[{"embeddable":true,"href":"https:\/\/lagumex.mx\/index\/wp-json\/wp\/v2\/users\/1"}],"replies":[{"embeddable":true,"href":"https:\/\/lagumex.mx\/index\/wp-json\/wp\/v2\/comments?post=1591"}],"version-history":[{"count":1,"href":"https:\/\/lagumex.mx\/index\/wp-json\/wp\/v2\/posts\/1591\/revisions"}],"predecessor-version":[{"id":1592,"href":"https:\/\/lagumex.mx\/index\/wp-json\/wp\/v2\/posts\/1591\/revisions\/1592"}],"wp:attachment":[{"href":"https:\/\/lagumex.mx\/index\/wp-json\/wp\/v2\/media?parent=1591"}],"wp:term":[{"taxonomy":"category","embeddable":true,"href":"https:\/\/lagumex.mx\/index\/wp-json\/wp\/v2\/categories?post=1591"},{"taxonomy":"post_tag","embeddable":true,"href":"https:\/\/lagumex.mx\/index\/wp-json\/wp\/v2\/tags?post=1591"}],"curies":[{"name":"wp","href":"https:\/\/api.w.org\/{rel}","templated":true}]}}