{"id":1588,"date":"2023-12-05T00:53:50","date_gmt":"2023-12-05T00:53:50","guid":{"rendered":"http:\/\/lagumex.mx\/index\/?p=1588"},"modified":"2023-12-05T00:53:50","modified_gmt":"2023-12-05T00:53:50","slug":"esencial-proteger-a-mujeres-defensoras-de-derechos-humanos-vero-perez","status":"publish","type":"post","link":"https:\/\/lagumex.mx\/index\/uncategorized\/congreso-de-durango\/esencial-proteger-a-mujeres-defensoras-de-derechos-humanos-vero-perez\/","title":{"rendered":"Esencial proteger a mujeres defensoras de derechos humanos: Vero P\u00e9rez"},"content":{"rendered":"\n<p>Enfrentan violencia, discriminaci\u00f3n y estigmatizaci\u00f3n de su labor<\/p>\n\n\n\n<p>04 de diciembre de 2023. \u201cEn M\u00e9xico, resulta fundamental seguir sumando esfuerzos y acciones para desarrollar pol\u00edticas p\u00fablicas que, de manera integral, atiendan a los problemas que enfrentan las mujeres defensoras de derechos humanos,\u201d, plante\u00f3 la diputada Ver\u00f3nica P\u00e9rez Herrera.<\/p>\n\n\n\n<p>Al realizar un pronunciamiento, record\u00f3 que fue en el 2006, cuando se celebr\u00f3 por primera ocasi\u00f3n el D\u00eda Internacional de las Defensoras de Derechos Humanos, como un d\u00eda dedicado a reconocer la importante labor de las mujeres que luchan por la defensa y realizaci\u00f3n de los derechos que recoge la Declaraci\u00f3n Universal de los Derechos Humanos a trav\u00e9s de la Asamblea General de la ONU.<\/p>\n\n\n\n<p>\u201cLas mujeres defensoras en el mundo, enfrentan particulares condiciones de violencia, discriminaci\u00f3n y estigmatizaci\u00f3n de su labor, las cuales se agudizan por los contextos en que desarrollan su labor, marcados por la guerra, la presencia militar, el control territorial de grupos del crimen organizado o por rasgos culturales sumamente complejos, atravesados por visiones machistas\u201d, resalt\u00f3.<\/p>\n\n\n\n<p>La legisladora detall\u00f3 que la situaci\u00f3n de inseguridad en la que realizan sus acciones se ha deteriorado a\u00fan m\u00e1s en los \u00faltimos meses, a trav\u00e9s de distintas agresiones e incluso asesinatos, que la ONU-DH ha documentado, como son los homicidios de las madres buscadoras Rosario Lili\u00e1n Rodr\u00edguez Barraza, en Sinaloa; Blanca Esmeralda Gallardo, en Puebla; y Mar\u00eda del Carmen V\u00e1zquez, en Guanajuato.<\/p>\n\n\n\n<p>Por ello, P\u00e9rez Herrera coment\u00f3 que el significado del D\u00eda Internacional de las Defensoras de Derechos Humanos, responde a una sensibilizaci\u00f3n y denuncia sobre las dificultades espec\u00edficas para las mujeres defensoras de los derechos humanos y de quienes trabajan en defensa de las mujeres.<\/p>\n\n\n\n<p>De esta forma, la legisladora subray\u00f3 que se busca establecer acciones de protecci\u00f3n con perspectiva de g\u00e9nero a fin de reconocer la valiosa contribuci\u00f3n en la consolidaci\u00f3n de sociedades m\u00e1s justas e igualitarias.<\/p>\n\n\n\n<p>Finalmente, se\u00f1al\u00f3 que la ONU-DH insta a todas las autoridades a redoblar esfuerzos para reconocer la labor de las mujeres que buscan como defensoras de derechos humanos, as\u00ed como a sus colectivos, a desarrollar pol\u00edticas de prevenci\u00f3n y de protecci\u00f3n integral que incorporen el enfoque de g\u00e9nero en todas sus etapas y a asegurar un entorno seguro y propicio para sus labores.<\/p>\n","protected":false},"excerpt":{"rendered":"<p>Enfrentan violencia, discriminaci\u00f3n y estigmatizaci\u00f3n de su labor 04 de diciembre de 2023. \u201cEn M\u00e9xico, resulta fundamental seguir sumando esfuerzos y acciones para desarrollar pol\u00edticas p\u00fablicas que, de manera integral, atiendan a los problemas que enfrentan las mujeres defensoras de derechos humanos,\u201d, plante\u00f3 la diputada Ver\u00f3nica P\u00e9rez Herrera. Al realizar un pronunciamiento, record\u00f3 que fue&#8230;<\/p>\n","protected":false},"author":1,"featured_media":0,"comment_status":"open","ping_status":"open","sticky":false,"template":"","format":"standard","meta":{"footnotes":""},"categories":[13],"tags":[],"class_list":["post-1588","post","type-post","status-publish","format-standard","hentry","category-congreso-de-durango"],"_links":{"self":[{"href":"https:\/\/lagumex.mx\/index\/wp-json\/wp\/v2\/posts\/1588","targetHints":{"allow":["GET"]}}],"collection":[{"href":"https:\/\/lagumex.mx\/index\/wp-json\/wp\/v2\/posts"}],"about":[{"href":"https:\/\/lagumex.mx\/index\/wp-json\/wp\/v2\/types\/post"}],"author":[{"embeddable":true,"href":"https:\/\/lagumex.mx\/index\/wp-json\/wp\/v2\/users\/1"}],"replies":[{"embeddable":true,"href":"https:\/\/lagumex.mx\/index\/wp-json\/wp\/v2\/comments?post=1588"}],"version-history":[{"count":1,"href":"https:\/\/lagumex.mx\/index\/wp-json\/wp\/v2\/posts\/1588\/revisions"}],"predecessor-version":[{"id":1589,"href":"https:\/\/lagumex.mx\/index\/wp-json\/wp\/v2\/posts\/1588\/revisions\/1589"}],"wp:attachment":[{"href":"https:\/\/lagumex.mx\/index\/wp-json\/wp\/v2\/media?parent=1588"}],"wp:term":[{"taxonomy":"category","embeddable":true,"href":"https:\/\/lagumex.mx\/index\/wp-json\/wp\/v2\/categories?post=1588"},{"taxonomy":"post_tag","embeddable":true,"href":"https:\/\/lagumex.mx\/index\/wp-json\/wp\/v2\/tags?post=1588"}],"curies":[{"name":"wp","href":"https:\/\/api.w.org\/{rel}","templated":true}]}}