{"id":1577,"date":"2023-11-12T15:54:19","date_gmt":"2023-11-12T15:54:19","guid":{"rendered":"http:\/\/lagumex.mx\/index\/?p=1577"},"modified":"2023-11-30T15:58:12","modified_gmt":"2023-11-30T15:58:12","slug":"lerdo-tendra-actividades-culturales-por-su-129-aniversario","status":"publish","type":"post","link":"https:\/\/lagumex.mx\/index\/lerdo\/lerdo-tendra-actividades-culturales-por-su-129-aniversario\/","title":{"rendered":"Lerdo tendr\u00e1 actividades culturales por su 129 aniversario"},"content":{"rendered":"\n<p>12 de noviembre de 2023.  <strong>El gobierno municipal de Lerdo present\u00f3 este viernes la programaci\u00f3n de eventos culturales que se realizar\u00e1n la pr\u00f3xima semana, en el marco del 129 aniversario de la ciudad.<\/strong> Para el d\u00eda 16, fecha en que se conmemora el aniversario de la ciudad,\u00a0<strong>se realizar\u00e1 un acto c\u00edvico en la Plaza Principal, en punto de las 09:00 horas, seguido de una misa de acci\u00f3n de gracias en la Iglesia del Sagrado Coraz\u00f3n de Jes\u00fas.<\/strong>\u00a0A mediod\u00eda se repartir\u00e1 un megapastel en Paseo Sarabia y a las 18:30 horas se realizar\u00e1 la coronaci\u00f3n de la reina de Lerdo, para luego dar lugar a un baile de m\u00fasica popular. <\/p>\n\n\n\n<p>Mientras que el 17 de noviembre ser\u00e1 fecha para la realizaci\u00f3n del LerdoFEST, con diferentes grupos de rock. Esto en el Parque Raymundo a partir de las 17:00 horas. Y a las 18:30 horas se entregar\u00e1n las preseas de ciudadanos distinguidos en el Teatro Hermila Galindo.<\/p>\n\n\n\n<p>Para el d\u00eda 18, de las 09:00 a las 19:30 horas,<strong>&nbsp;tendr\u00e1 lugar el Concurso de Rondallas CONART en el Teatro Hermila Galindo<\/strong>. Y por la tarde, a las 18:00 horas, se realizar\u00e1 la tradicional callejoneada partiendo del parque Victoria.<\/p>\n\n\n\n<p>La oferta se complementa con funciones de box, corridas de toros y bailes de m\u00fasica popular.<\/p>\n","protected":false},"excerpt":{"rendered":"<p>12 de noviembre de 2023. El gobierno municipal de Lerdo present\u00f3 este viernes la programaci\u00f3n de eventos culturales que se realizar\u00e1n la pr\u00f3xima semana, en el marco del 129 aniversario de la ciudad. Para el d\u00eda 16, fecha en que se conmemora el aniversario de la ciudad,\u00a0se realizar\u00e1 un acto c\u00edvico en la Plaza Principal,&#8230;<\/p>\n","protected":false},"author":1,"featured_media":1578,"comment_status":"open","ping_status":"open","sticky":false,"template":"","format":"standard","meta":{"footnotes":""},"categories":[3],"tags":[],"class_list":["post-1577","post","type-post","status-publish","format-standard","has-post-thumbnail","hentry","category-lerdo"],"_links":{"self":[{"href":"https:\/\/lagumex.mx\/index\/wp-json\/wp\/v2\/posts\/1577","targetHints":{"allow":["GET"]}}],"collection":[{"href":"https:\/\/lagumex.mx\/index\/wp-json\/wp\/v2\/posts"}],"about":[{"href":"https:\/\/lagumex.mx\/index\/wp-json\/wp\/v2\/types\/post"}],"author":[{"embeddable":true,"href":"https:\/\/lagumex.mx\/index\/wp-json\/wp\/v2\/users\/1"}],"replies":[{"embeddable":true,"href":"https:\/\/lagumex.mx\/index\/wp-json\/wp\/v2\/comments?post=1577"}],"version-history":[{"count":1,"href":"https:\/\/lagumex.mx\/index\/wp-json\/wp\/v2\/posts\/1577\/revisions"}],"predecessor-version":[{"id":1579,"href":"https:\/\/lagumex.mx\/index\/wp-json\/wp\/v2\/posts\/1577\/revisions\/1579"}],"wp:featuredmedia":[{"embeddable":true,"href":"https:\/\/lagumex.mx\/index\/wp-json\/wp\/v2\/media\/1578"}],"wp:attachment":[{"href":"https:\/\/lagumex.mx\/index\/wp-json\/wp\/v2\/media?parent=1577"}],"wp:term":[{"taxonomy":"category","embeddable":true,"href":"https:\/\/lagumex.mx\/index\/wp-json\/wp\/v2\/categories?post=1577"},{"taxonomy":"post_tag","embeddable":true,"href":"https:\/\/lagumex.mx\/index\/wp-json\/wp\/v2\/tags?post=1577"}],"curies":[{"name":"wp","href":"https:\/\/api.w.org\/{rel}","templated":true}]}}