{"id":1574,"date":"2023-11-13T15:52:58","date_gmt":"2023-11-13T15:52:58","guid":{"rendered":"http:\/\/lagumex.mx\/index\/?p=1574"},"modified":"2023-11-30T15:54:05","modified_gmt":"2023-11-30T15:54:05","slug":"alistan-operativo-en-lerdo-por-buen-fin-y-129-aniversario-de-la-ciudad","status":"publish","type":"post","link":"https:\/\/lagumex.mx\/index\/lerdo\/alistan-operativo-en-lerdo-por-buen-fin-y-129-aniversario-de-la-ciudad\/","title":{"rendered":"Alistan operativo en Lerdo por Buen Fin y 129 aniversario de la ciudad"},"content":{"rendered":"\n<p>13 de noviembre de 2023.  <strong>El alcalde Homero Mart\u00ednez Cabrera dio instrucciones a la Direcci\u00f3n de Seguridad P\u00fablica de tener todo listo para que en d\u00edas pr\u00f3ximos se ponga en marcha el operativo especial por los festejos del 129 aniversario de la ciudad y a la par que las unidades vigilen las calles y comercios por motivo del \u00abBuen Fin\u00bb, que se desarrollar\u00e1 del 17 al 20 de noviembre.<\/strong> <\/p>\n\n\n\n<p>El director de Seguridad, H\u00e9ctor Mart\u00ednez L\u00f3pez, enfatiz\u00f3 que se mantendr\u00e1 una supervisi\u00f3n constante durante los eventos conmemorativos del aniversario de la ciudad. Las dependencias operativas de Protecci\u00f3n Civil, Bomberos, Tr\u00e1nsito y Salud, entre otras, coadyuvar\u00e1n a la realizaci\u00f3n del operativo especial, que iniciar\u00e1 el jueves 16 de noviembre y se mantendr\u00e1 hasta el lunes 20, fecha en la que se llevar\u00e1 a cabo el tradicional desfile de la Revoluci\u00f3n Mexicana.<\/p>\n\n\n\n<p>Adem\u00e1s, en relaci\u00f3n con el \u00abBuen Fin\u00bb, se establecer\u00e1 una coordinaci\u00f3n con el Mando Especial de La Laguna. Este operativo se enfocar\u00e1 en la vigilancia de los puntos comerciales de la ciudad, bancos y cajeros autom\u00e1ticos. Las autoridades estar\u00e1n atentas, recordando que el n\u00famero de emergencia es 911, para reportar robo, extrav\u00edo, situaciones de riesgo y otras eventualidades.<\/p>\n","protected":false},"excerpt":{"rendered":"<p>13 de noviembre de 2023. El alcalde Homero Mart\u00ednez Cabrera dio instrucciones a la Direcci\u00f3n de Seguridad P\u00fablica de tener todo listo para que en d\u00edas pr\u00f3ximos se ponga en marcha el operativo especial por los festejos del 129 aniversario de la ciudad y a la par que las unidades vigilen las calles y comercios&#8230;<\/p>\n","protected":false},"author":1,"featured_media":1575,"comment_status":"open","ping_status":"open","sticky":false,"template":"","format":"standard","meta":{"footnotes":""},"categories":[3],"tags":[],"class_list":["post-1574","post","type-post","status-publish","format-standard","has-post-thumbnail","hentry","category-lerdo"],"_links":{"self":[{"href":"https:\/\/lagumex.mx\/index\/wp-json\/wp\/v2\/posts\/1574","targetHints":{"allow":["GET"]}}],"collection":[{"href":"https:\/\/lagumex.mx\/index\/wp-json\/wp\/v2\/posts"}],"about":[{"href":"https:\/\/lagumex.mx\/index\/wp-json\/wp\/v2\/types\/post"}],"author":[{"embeddable":true,"href":"https:\/\/lagumex.mx\/index\/wp-json\/wp\/v2\/users\/1"}],"replies":[{"embeddable":true,"href":"https:\/\/lagumex.mx\/index\/wp-json\/wp\/v2\/comments?post=1574"}],"version-history":[{"count":1,"href":"https:\/\/lagumex.mx\/index\/wp-json\/wp\/v2\/posts\/1574\/revisions"}],"predecessor-version":[{"id":1576,"href":"https:\/\/lagumex.mx\/index\/wp-json\/wp\/v2\/posts\/1574\/revisions\/1576"}],"wp:featuredmedia":[{"embeddable":true,"href":"https:\/\/lagumex.mx\/index\/wp-json\/wp\/v2\/media\/1575"}],"wp:attachment":[{"href":"https:\/\/lagumex.mx\/index\/wp-json\/wp\/v2\/media?parent=1574"}],"wp:term":[{"taxonomy":"category","embeddable":true,"href":"https:\/\/lagumex.mx\/index\/wp-json\/wp\/v2\/categories?post=1574"},{"taxonomy":"post_tag","embeddable":true,"href":"https:\/\/lagumex.mx\/index\/wp-json\/wp\/v2\/tags?post=1574"}],"curies":[{"name":"wp","href":"https:\/\/api.w.org\/{rel}","templated":true}]}}