{"id":1570,"date":"2023-11-15T15:39:04","date_gmt":"2023-11-15T15:39:04","guid":{"rendered":"http:\/\/lagumex.mx\/index\/?p=1570"},"modified":"2023-11-30T15:39:41","modified_gmt":"2023-11-30T15:39:41","slug":"en-lerdo-integran-grupo-de-prevencion-embarazo-adolescente","status":"publish","type":"post","link":"https:\/\/lagumex.mx\/index\/lerdo\/en-lerdo-integran-grupo-de-prevencion-embarazo-adolescente\/","title":{"rendered":"En Lerdo integran grupo de prevenci\u00f3n embarazo adolescente"},"content":{"rendered":"\n<p>15 de noviembre de 2023. <\/p>\n\n\n\n<p>Homero Mart\u00ednez se\u00f1al\u00f3 que Lerdo, como municipio responsable, se suma a esta iniciativa para fortalecer los mecanismos de coordinaci\u00f3n y cooperaci\u00f3n con las distintas dependencias de gobierno municipal y estatal para prevenir el embarazo en j\u00f3venes menores de edad, as\u00ed mismo, promover los derechos sexuales y reproductivos.<\/p>\n\n\n\n<p>Adem\u00e1s, aprovech\u00f3 para se\u00f1alar que en el mes de la eliminaci\u00f3n de la violencia contra la mujer, se contin\u00faan reforzando las pol\u00edticas p\u00fablicas de equidad de g\u00e9nero, y pr\u00f3ximamente se inaugurar\u00e1 el refugio municipal para mujeres v\u00edctimas de violencia.<\/p>\n\n\n\n<p>\u00abEl tema de seguridad es fundamental para el desarrollo de un municipio\u00bb indic\u00f3.<\/p>\n\n\n\n<p>Por su parte, la directora general del Instituto Estatal de las Mujeres, Alejandra Terrones, reconoci\u00f3 a Lerdo como un aliado en la protecci\u00f3n de las mujeres, la prevenci\u00f3n de embarazos tempranos, y en el fortalecimiento de las acciones en pro de la ciudadan\u00eda.<\/p>\n\n\n\n<p>Denisse Rivera, secretaria del Consejo Estatal de Poblaci\u00f3n Durango (COESPO) y coordinadora general del GEPEA (Grupo Estatal para la Prevenci\u00f3n de Embarazos en Adolescentes) Durango, agradeci\u00f3 a los presentes por demostrar su compromiso a favor de la sociedad y de los m\u00e1s vulnerables.<\/p>\n\n\n\n<p>En este encuentro, tambi\u00e9n particip\u00f3 el Secretario del Ayuntamiento, Jes\u00fas Eduardo Lara; la titular del Instituto Municipal de la Mujer, Mar\u00eda del Refugio Adame; regidoras, personal de las \u00e1reas de Salud Municipal, Seguridad P\u00fablica, Educaci\u00f3n, DIF, de los Institutos de la Juventud, del Deporte, de la Mujer, por mencionar algunos.<\/p>\n","protected":false},"excerpt":{"rendered":"<p>15 de noviembre de 2023. Homero Mart\u00ednez se\u00f1al\u00f3 que Lerdo, como municipio responsable, se suma a esta iniciativa para fortalecer los mecanismos de coordinaci\u00f3n y cooperaci\u00f3n con las distintas dependencias de gobierno municipal y estatal para prevenir el embarazo en j\u00f3venes menores de edad, as\u00ed mismo, promover los derechos sexuales y reproductivos. Adem\u00e1s, aprovech\u00f3 para&#8230;<\/p>\n","protected":false},"author":1,"featured_media":0,"comment_status":"open","ping_status":"open","sticky":false,"template":"","format":"standard","meta":{"footnotes":""},"categories":[3],"tags":[],"class_list":["post-1570","post","type-post","status-publish","format-standard","hentry","category-lerdo"],"_links":{"self":[{"href":"https:\/\/lagumex.mx\/index\/wp-json\/wp\/v2\/posts\/1570","targetHints":{"allow":["GET"]}}],"collection":[{"href":"https:\/\/lagumex.mx\/index\/wp-json\/wp\/v2\/posts"}],"about":[{"href":"https:\/\/lagumex.mx\/index\/wp-json\/wp\/v2\/types\/post"}],"author":[{"embeddable":true,"href":"https:\/\/lagumex.mx\/index\/wp-json\/wp\/v2\/users\/1"}],"replies":[{"embeddable":true,"href":"https:\/\/lagumex.mx\/index\/wp-json\/wp\/v2\/comments?post=1570"}],"version-history":[{"count":1,"href":"https:\/\/lagumex.mx\/index\/wp-json\/wp\/v2\/posts\/1570\/revisions"}],"predecessor-version":[{"id":1571,"href":"https:\/\/lagumex.mx\/index\/wp-json\/wp\/v2\/posts\/1570\/revisions\/1571"}],"wp:attachment":[{"href":"https:\/\/lagumex.mx\/index\/wp-json\/wp\/v2\/media?parent=1570"}],"wp:term":[{"taxonomy":"category","embeddable":true,"href":"https:\/\/lagumex.mx\/index\/wp-json\/wp\/v2\/categories?post=1570"},{"taxonomy":"post_tag","embeddable":true,"href":"https:\/\/lagumex.mx\/index\/wp-json\/wp\/v2\/tags?post=1570"}],"curies":[{"name":"wp","href":"https:\/\/api.w.org\/{rel}","templated":true}]}}