{"id":1568,"date":"2023-11-16T15:38:19","date_gmt":"2023-11-16T15:38:19","guid":{"rendered":"http:\/\/lagumex.mx\/index\/?p=1568"},"modified":"2023-11-30T15:38:47","modified_gmt":"2023-11-30T15:38:47","slug":"presidencia-de-lerdo-descansara-el-proximo-lunes","status":"publish","type":"post","link":"https:\/\/lagumex.mx\/index\/lerdo\/presidencia-de-lerdo-descansara-el-proximo-lunes\/","title":{"rendered":"Presidencia de Lerdo descansar\u00e1 el pr\u00f3ximo lunes"},"content":{"rendered":"\n<p>16 de noviembre de 2023. <\/p>\n\n\n\n<p>De acuerdo a la ley federal del trabajo, el d\u00eda lunes 20 de noviembre, el personal administrativo de la Presidencia Municipal de Lerdo no labora, ya que se conmemora el inicio de la Revoluci\u00f3n Mexicana. Las labores reanudar\u00e1n el d\u00eda martes 21 de noviembre, en horario normal, de 8:00 a 16:00 horas.<\/p>\n\n\n\n<p>En cuanto al personal operativo se mantendr\u00e1 activo para atender los reportes de la ciudadan\u00eda, a trav\u00e9s de las l\u00edneas de emergencia 911, de Protecci\u00f3n Civil y Bomberos (87 11 59 26 76; o 87 17 25 32 52).<\/p>\n","protected":false},"excerpt":{"rendered":"<p>16 de noviembre de 2023. De acuerdo a la ley federal del trabajo, el d\u00eda lunes 20 de noviembre, el personal administrativo de la Presidencia Municipal de Lerdo no labora, ya que se conmemora el inicio de la Revoluci\u00f3n Mexicana. Las labores reanudar\u00e1n el d\u00eda martes 21 de noviembre, en horario normal, de 8:00 a&#8230;<\/p>\n","protected":false},"author":1,"featured_media":0,"comment_status":"open","ping_status":"open","sticky":false,"template":"","format":"standard","meta":{"footnotes":""},"categories":[3],"tags":[],"class_list":["post-1568","post","type-post","status-publish","format-standard","hentry","category-lerdo"],"_links":{"self":[{"href":"https:\/\/lagumex.mx\/index\/wp-json\/wp\/v2\/posts\/1568","targetHints":{"allow":["GET"]}}],"collection":[{"href":"https:\/\/lagumex.mx\/index\/wp-json\/wp\/v2\/posts"}],"about":[{"href":"https:\/\/lagumex.mx\/index\/wp-json\/wp\/v2\/types\/post"}],"author":[{"embeddable":true,"href":"https:\/\/lagumex.mx\/index\/wp-json\/wp\/v2\/users\/1"}],"replies":[{"embeddable":true,"href":"https:\/\/lagumex.mx\/index\/wp-json\/wp\/v2\/comments?post=1568"}],"version-history":[{"count":1,"href":"https:\/\/lagumex.mx\/index\/wp-json\/wp\/v2\/posts\/1568\/revisions"}],"predecessor-version":[{"id":1569,"href":"https:\/\/lagumex.mx\/index\/wp-json\/wp\/v2\/posts\/1568\/revisions\/1569"}],"wp:attachment":[{"href":"https:\/\/lagumex.mx\/index\/wp-json\/wp\/v2\/media?parent=1568"}],"wp:term":[{"taxonomy":"category","embeddable":true,"href":"https:\/\/lagumex.mx\/index\/wp-json\/wp\/v2\/categories?post=1568"},{"taxonomy":"post_tag","embeddable":true,"href":"https:\/\/lagumex.mx\/index\/wp-json\/wp\/v2\/tags?post=1568"}],"curies":[{"name":"wp","href":"https:\/\/api.w.org\/{rel}","templated":true}]}}