{"id":1556,"date":"2023-11-21T15:30:59","date_gmt":"2023-11-21T15:30:59","guid":{"rendered":"http:\/\/lagumex.mx\/index\/?p=1556"},"modified":"2023-11-30T15:31:36","modified_gmt":"2023-11-30T15:31:36","slug":"acude-campana-para-mascotas-a-colonia-constituyentes-con-esterilizacion","status":"publish","type":"post","link":"https:\/\/lagumex.mx\/index\/durango\/acude-campana-para-mascotas-a-colonia-constituyentes-con-esterilizacion\/","title":{"rendered":"Acude campa\u00f1a para mascotas a colonia constituyentes, con esterilizaci\u00f3n"},"content":{"rendered":"\n<p>21 de noviembre de 2023. El titular del departamento de Prevenci\u00f3n Social y Resguardo Canino, Roberto Carlos Calder\u00f3n, inform\u00f3 que este martes la Campa\u00f1a de Vacunaci\u00f3n, desparasitaci\u00f3n y esterilizaci\u00f3n, lleg\u00f3 a la colonia Constituyentes del municipio de Lerdo. As\u00ed mismo, comparti\u00f3 la agenda del 21 al 24 de noviembre de la brigada de salud para mascotas.<\/p>\n\n\n\n<p>El funcionario record\u00f3 que, instruido por el Presidente Municipal Homero Mart\u00ednez Cabrera, la campa\u00f1a es permanente para garantizar el bienestar de la ciudadan\u00eda y sus mascotas, as\u00ed mismo, pidi\u00f3 a los due\u00f1os ser responsables en el cuidado de su amigo canino o minino. <\/p>\n\n\n\n<p>Este martes 21 de noviembre, el m\u00f3dulo se instalar\u00e1 en la calle Mutualismo de la colonia Constituyentes, entre las vialidades Ignacio Ram\u00edrez y Altamirano, desde las 10:00 de la ma\u00f1ana hasta la 1:30 de la tarde, con los servicios de esterilizaci\u00f3n, vacunaci\u00f3n contra la rabia y desparasitaci\u00f3n.<\/p>\n\n\n\n<p>Posteriormente, el mi\u00e9rcoles 22, la brigada se localizar\u00e1 en la plaza de Villa Nazareno, el jueves 23 en el domo de la colonia Las Palmas, y el viernes 24 de noviembre en la plaza de la comunidad de \u00c1lvaro Obreg\u00f3n. Cabe destacar que estos d\u00edas se brindar\u00e1n \u00fanicamente los servicios de vacunaci\u00f3n antirr\u00e1bica y contra par\u00e1sitos.<\/p>\n","protected":false},"excerpt":{"rendered":"<p>21 de noviembre de 2023. El titular del departamento de Prevenci\u00f3n Social y Resguardo Canino, Roberto Carlos Calder\u00f3n, inform\u00f3 que este martes la Campa\u00f1a de Vacunaci\u00f3n, desparasitaci\u00f3n y esterilizaci\u00f3n, lleg\u00f3 a la colonia Constituyentes del municipio de Lerdo. As\u00ed mismo, comparti\u00f3 la agenda del 21 al 24 de noviembre de la brigada de salud para&#8230;<\/p>\n","protected":false},"author":1,"featured_media":0,"comment_status":"open","ping_status":"open","sticky":false,"template":"","format":"standard","meta":{"footnotes":""},"categories":[1],"tags":[],"class_list":["post-1556","post","type-post","status-publish","format-standard","hentry","category-durango"],"_links":{"self":[{"href":"https:\/\/lagumex.mx\/index\/wp-json\/wp\/v2\/posts\/1556","targetHints":{"allow":["GET"]}}],"collection":[{"href":"https:\/\/lagumex.mx\/index\/wp-json\/wp\/v2\/posts"}],"about":[{"href":"https:\/\/lagumex.mx\/index\/wp-json\/wp\/v2\/types\/post"}],"author":[{"embeddable":true,"href":"https:\/\/lagumex.mx\/index\/wp-json\/wp\/v2\/users\/1"}],"replies":[{"embeddable":true,"href":"https:\/\/lagumex.mx\/index\/wp-json\/wp\/v2\/comments?post=1556"}],"version-history":[{"count":1,"href":"https:\/\/lagumex.mx\/index\/wp-json\/wp\/v2\/posts\/1556\/revisions"}],"predecessor-version":[{"id":1557,"href":"https:\/\/lagumex.mx\/index\/wp-json\/wp\/v2\/posts\/1556\/revisions\/1557"}],"wp:attachment":[{"href":"https:\/\/lagumex.mx\/index\/wp-json\/wp\/v2\/media?parent=1556"}],"wp:term":[{"taxonomy":"category","embeddable":true,"href":"https:\/\/lagumex.mx\/index\/wp-json\/wp\/v2\/categories?post=1556"},{"taxonomy":"post_tag","embeddable":true,"href":"https:\/\/lagumex.mx\/index\/wp-json\/wp\/v2\/tags?post=1556"}],"curies":[{"name":"wp","href":"https:\/\/api.w.org\/{rel}","templated":true}]}}