{"id":1554,"date":"2023-11-22T15:30:03","date_gmt":"2023-11-22T15:30:03","guid":{"rendered":"http:\/\/lagumex.mx\/index\/?p=1554"},"modified":"2023-11-30T15:30:45","modified_gmt":"2023-11-30T15:30:45","slug":"atiende-proteccion-civil-a-ciudadanos-en-estado-de-vulnerabilidad","status":"publish","type":"post","link":"https:\/\/lagumex.mx\/index\/lerdo\/atiende-proteccion-civil-a-ciudadanos-en-estado-de-vulnerabilidad\/","title":{"rendered":"Atiende Protecci\u00f3n Civil a ciudadanos en estado de vulnerabilidad"},"content":{"rendered":"\n<p>22 de noviembre de 2023.La coordinaci\u00f3n de\u00a0<strong>Protecci\u00f3n Civil y Bomberos en Lerdo<\/strong>, desplegaron el operativo \u00abCarrusel\u00bb, con el objetivo de brindar apoyo a la ciudadan\u00eda en situaci\u00f3n de vulnerabilidad ante las bajas temperaturas.<\/p>\n\n\n\n<p>Isabel Mac\u00edas Sifuentes, coordinadora de Protecci\u00f3n Civil, coment\u00f3 que a trav\u00e9s de este programa se informa a las personas sobre los riesgos que representa el exponerse a climas fr\u00edos, y<strong>\u00a0se ofrece el traslado hacia sus domicilios o bien al Albergue Temporal.<\/strong> <\/p>\n\n\n\n<p>Dos ciudadanos fueron trasladados voluntariamente al&nbsp;<strong>Albergue Temporal<\/strong>, ubicado en la Unidad Administrativa Francisco Sarabia, sobre el boulevard Miguel Alem\u00e1n, mismo que se encuentra abierto al p\u00fablico en general las 24 horas del d\u00eda. Ah\u00ed se les brindar\u00e1 alimentaci\u00f3n, una cama en buen estado, cobijas limpias, y revisi\u00f3n m\u00e9dica.<\/p>\n\n\n\n<p>Cabe se\u00f1alar que los elementos operativos ofrecen a las personas en situaci\u00f3n de calle, que no desean ir al refugio, una&nbsp;<strong>manta abrigadora y una bebida caliente<\/strong>&nbsp;para aminorar su estado temperatura.<\/p>\n","protected":false},"excerpt":{"rendered":"<p>22 de noviembre de 2023.La coordinaci\u00f3n de\u00a0Protecci\u00f3n Civil y Bomberos en Lerdo, desplegaron el operativo \u00abCarrusel\u00bb, con el objetivo de brindar apoyo a la ciudadan\u00eda en situaci\u00f3n de vulnerabilidad ante las bajas temperaturas. Isabel Mac\u00edas Sifuentes, coordinadora de Protecci\u00f3n Civil, coment\u00f3 que a trav\u00e9s de este programa se informa a las personas sobre los riesgos&#8230;<\/p>\n","protected":false},"author":1,"featured_media":0,"comment_status":"open","ping_status":"open","sticky":false,"template":"","format":"standard","meta":{"footnotes":""},"categories":[3],"tags":[],"class_list":["post-1554","post","type-post","status-publish","format-standard","hentry","category-lerdo"],"_links":{"self":[{"href":"https:\/\/lagumex.mx\/index\/wp-json\/wp\/v2\/posts\/1554","targetHints":{"allow":["GET"]}}],"collection":[{"href":"https:\/\/lagumex.mx\/index\/wp-json\/wp\/v2\/posts"}],"about":[{"href":"https:\/\/lagumex.mx\/index\/wp-json\/wp\/v2\/types\/post"}],"author":[{"embeddable":true,"href":"https:\/\/lagumex.mx\/index\/wp-json\/wp\/v2\/users\/1"}],"replies":[{"embeddable":true,"href":"https:\/\/lagumex.mx\/index\/wp-json\/wp\/v2\/comments?post=1554"}],"version-history":[{"count":1,"href":"https:\/\/lagumex.mx\/index\/wp-json\/wp\/v2\/posts\/1554\/revisions"}],"predecessor-version":[{"id":1555,"href":"https:\/\/lagumex.mx\/index\/wp-json\/wp\/v2\/posts\/1554\/revisions\/1555"}],"wp:attachment":[{"href":"https:\/\/lagumex.mx\/index\/wp-json\/wp\/v2\/media?parent=1554"}],"wp:term":[{"taxonomy":"category","embeddable":true,"href":"https:\/\/lagumex.mx\/index\/wp-json\/wp\/v2\/categories?post=1554"},{"taxonomy":"post_tag","embeddable":true,"href":"https:\/\/lagumex.mx\/index\/wp-json\/wp\/v2\/tags?post=1554"}],"curies":[{"name":"wp","href":"https:\/\/api.w.org\/{rel}","templated":true}]}}