{"id":1551,"date":"2023-11-23T15:28:43","date_gmt":"2023-11-23T15:28:43","guid":{"rendered":"http:\/\/lagumex.mx\/index\/?p=1551"},"modified":"2023-11-30T15:29:45","modified_gmt":"2023-11-30T15:29:45","slug":"inauguran-centro-comercial-la-esmeralda-en-lerdo","status":"publish","type":"post","link":"https:\/\/lagumex.mx\/index\/lerdo\/inauguran-centro-comercial-la-esmeralda-en-lerdo\/","title":{"rendered":"Inauguran centro comercial La Esmeralda en Lerdo"},"content":{"rendered":"\n<p>23 de noviembre de 2023. Este jueves, el Alcalde Homero Mart\u00ednez Cabrera, acompa\u00f1\u00f3 al secretario de Desarrollo Econ\u00f3mico en el Estado, Alfredo Herrera Deras, y al presidente del Consejo de Administraci\u00f3n, Miguel \u00c1ngel Gonz\u00e1lez Barba, a la inauguraci\u00f3n de la sucursal \u201cCentro Comercial La Esmeralda\u201d, ubicada en la colonia San Isidro.<\/p>\n\n\n\n<p>El edil agradeci\u00f3 a la familia Gonz\u00e1lez por visualizar y apoyar el crecimiento de una de las colonias con m\u00e1s historia en la regi\u00f3n: \u201cSan Isidro\u201d, la cual ha contado con un gran desarrollo habitacional al ser la entrada al norponiente de la ciudad. <\/p>\n\n\n\n<p>\u201cQue los ciudadanos lerdenses se enteren de que, gracias a la instrucci\u00f3n del Gobernador del Estado, Esteban Villegas, hoy la regi\u00f3n Laguna es una parte fundamental para la atracci\u00f3n de empresas, ya que contamos con una ubicaci\u00f3n estrat\u00e9gica y eso ayudar\u00e1 a que pr\u00f3ximamente anunciemos m\u00e1s proyectos como este, para el bienestar de las familias y la generaci\u00f3n de empleos\u201d<\/p>\n\n\n\n<p>Por su parte, Miguel \u00c1ngel Gonz\u00e1lez, resalt\u00f3 el esfuerzo realizado por el grupo La Esmeralda, para consolidar el sue\u00f1o de instalarse en el Municipio de Lerdo, agradeciendo las facilidades otorgadas por el gobierno municipal y estatal, con una sola misi\u00f3n, brindar a las familias de la regi\u00f3n Laguna productos de calidad y a un mejor precio.<\/p>\n","protected":false},"excerpt":{"rendered":"<p>23 de noviembre de 2023. Este jueves, el Alcalde Homero Mart\u00ednez Cabrera, acompa\u00f1\u00f3 al secretario de Desarrollo Econ\u00f3mico en el Estado, Alfredo Herrera Deras, y al presidente del Consejo de Administraci\u00f3n, Miguel \u00c1ngel Gonz\u00e1lez Barba, a la inauguraci\u00f3n de la sucursal \u201cCentro Comercial La Esmeralda\u201d, ubicada en la colonia San Isidro. El edil agradeci\u00f3 a&#8230;<\/p>\n","protected":false},"author":1,"featured_media":1552,"comment_status":"open","ping_status":"open","sticky":false,"template":"","format":"standard","meta":{"footnotes":""},"categories":[3],"tags":[],"class_list":["post-1551","post","type-post","status-publish","format-standard","has-post-thumbnail","hentry","category-lerdo"],"_links":{"self":[{"href":"https:\/\/lagumex.mx\/index\/wp-json\/wp\/v2\/posts\/1551","targetHints":{"allow":["GET"]}}],"collection":[{"href":"https:\/\/lagumex.mx\/index\/wp-json\/wp\/v2\/posts"}],"about":[{"href":"https:\/\/lagumex.mx\/index\/wp-json\/wp\/v2\/types\/post"}],"author":[{"embeddable":true,"href":"https:\/\/lagumex.mx\/index\/wp-json\/wp\/v2\/users\/1"}],"replies":[{"embeddable":true,"href":"https:\/\/lagumex.mx\/index\/wp-json\/wp\/v2\/comments?post=1551"}],"version-history":[{"count":1,"href":"https:\/\/lagumex.mx\/index\/wp-json\/wp\/v2\/posts\/1551\/revisions"}],"predecessor-version":[{"id":1553,"href":"https:\/\/lagumex.mx\/index\/wp-json\/wp\/v2\/posts\/1551\/revisions\/1553"}],"wp:featuredmedia":[{"embeddable":true,"href":"https:\/\/lagumex.mx\/index\/wp-json\/wp\/v2\/media\/1552"}],"wp:attachment":[{"href":"https:\/\/lagumex.mx\/index\/wp-json\/wp\/v2\/media?parent=1551"}],"wp:term":[{"taxonomy":"category","embeddable":true,"href":"https:\/\/lagumex.mx\/index\/wp-json\/wp\/v2\/categories?post=1551"},{"taxonomy":"post_tag","embeddable":true,"href":"https:\/\/lagumex.mx\/index\/wp-json\/wp\/v2\/tags?post=1551"}],"curies":[{"name":"wp","href":"https:\/\/api.w.org\/{rel}","templated":true}]}}