{"id":1549,"date":"2023-11-24T15:27:34","date_gmt":"2023-11-24T15:27:34","guid":{"rendered":"http:\/\/lagumex.mx\/index\/?p=1549"},"modified":"2023-11-30T15:28:22","modified_gmt":"2023-11-30T15:28:22","slug":"se-han-atendido-a-mas-de-40-mujeres-en-lerdo","status":"publish","type":"post","link":"https:\/\/lagumex.mx\/index\/lerdo\/se-han-atendido-a-mas-de-40-mujeres-en-lerdo\/","title":{"rendered":"Se han atendido a m\u00e1s de 40 mujeres en Lerdo"},"content":{"rendered":"\n<p>24 de noviembre de 2023. Mar\u00eda del Refugio Adame G\u00fcereca, directora del\u00a0<strong>Instituto Municipal de la Mujer<\/strong>, luego de ser cuestionado sobre el particular.<\/p>\n\n\n\n<p>Al mismo tiempo, a\u00f1adi\u00f3, \u201cEn los \u00faltimos tres meses<strong>\u00a0dos v\u00edctimas han sido canalizadas a alg\u00fan albergue porque su vida est\u00e1 en riesgo<\/strong>; de ah\u00ed la importancia de apoyarlas en todo lo posible para enfrentar su situaci\u00f3n a fin de darle una soluci\u00f3n\u201d. <\/p>\n\n\n\n<p>Adame G\u00fcereca dio a conocer que en lo que va del a\u00f1o&nbsp;<strong>han atendido 315 usuarias de primera vez y 52 de seguimiento por semana,<\/strong>&nbsp;generalmente solicitan servicios en las \u00e1reas de psicolog\u00eda y jur\u00eddica, esto \u00faltimo para promover divorcios o solicitar pensiones alimenticias.<\/p>\n\n\n\n<p>Asimismo, detall\u00f3 que han realizado diversas actividades con motivo del d\u00eda de la Lucha contra la Violencia hacia La Mujer, entre ellas,<strong>&nbsp;una marcha desde el monumento Alexia<\/strong>, ubicado en el parque Victoria, hasta la presidencia municipal.<\/p>\n\n\n\n<p>A pregunta expresa dej\u00f3 en claro que el Instituto no se cambiar\u00e1 de instalaciones, sino que todos los&nbsp;<strong>muebles fueron enviados a un lugar de resguardo<\/strong>&nbsp;porque les ser\u00e1n renovados.<\/p>\n","protected":false},"excerpt":{"rendered":"<p>24 de noviembre de 2023. Mar\u00eda del Refugio Adame G\u00fcereca, directora del\u00a0Instituto Municipal de la Mujer, luego de ser cuestionado sobre el particular. Al mismo tiempo, a\u00f1adi\u00f3, \u201cEn los \u00faltimos tres meses\u00a0dos v\u00edctimas han sido canalizadas a alg\u00fan albergue porque su vida est\u00e1 en riesgo; de ah\u00ed la importancia de apoyarlas en todo lo posible&#8230;<\/p>\n","protected":false},"author":1,"featured_media":0,"comment_status":"open","ping_status":"open","sticky":false,"template":"","format":"standard","meta":{"footnotes":""},"categories":[3],"tags":[],"class_list":["post-1549","post","type-post","status-publish","format-standard","hentry","category-lerdo"],"_links":{"self":[{"href":"https:\/\/lagumex.mx\/index\/wp-json\/wp\/v2\/posts\/1549","targetHints":{"allow":["GET"]}}],"collection":[{"href":"https:\/\/lagumex.mx\/index\/wp-json\/wp\/v2\/posts"}],"about":[{"href":"https:\/\/lagumex.mx\/index\/wp-json\/wp\/v2\/types\/post"}],"author":[{"embeddable":true,"href":"https:\/\/lagumex.mx\/index\/wp-json\/wp\/v2\/users\/1"}],"replies":[{"embeddable":true,"href":"https:\/\/lagumex.mx\/index\/wp-json\/wp\/v2\/comments?post=1549"}],"version-history":[{"count":1,"href":"https:\/\/lagumex.mx\/index\/wp-json\/wp\/v2\/posts\/1549\/revisions"}],"predecessor-version":[{"id":1550,"href":"https:\/\/lagumex.mx\/index\/wp-json\/wp\/v2\/posts\/1549\/revisions\/1550"}],"wp:attachment":[{"href":"https:\/\/lagumex.mx\/index\/wp-json\/wp\/v2\/media?parent=1549"}],"wp:term":[{"taxonomy":"category","embeddable":true,"href":"https:\/\/lagumex.mx\/index\/wp-json\/wp\/v2\/categories?post=1549"},{"taxonomy":"post_tag","embeddable":true,"href":"https:\/\/lagumex.mx\/index\/wp-json\/wp\/v2\/tags?post=1549"}],"curies":[{"name":"wp","href":"https:\/\/api.w.org\/{rel}","templated":true}]}}