{"id":1544,"date":"2023-11-26T15:20:27","date_gmt":"2023-11-26T15:20:27","guid":{"rendered":"http:\/\/lagumex.mx\/index\/?p=1544"},"modified":"2023-11-30T15:25:16","modified_gmt":"2023-11-30T15:25:16","slug":"inicia-la-instalacion-de-adornos-navidenos-en-lerdo","status":"publish","type":"post","link":"https:\/\/lagumex.mx\/index\/lerdo\/inicia-la-instalacion-de-adornos-navidenos-en-lerdo\/","title":{"rendered":"Inicia la instalaci\u00f3n de adornos navide\u00f1os en Lerdo"},"content":{"rendered":"\n<p>26 de noviembre de 2023. Por indicaciones del Presidente Municipal Homero Mart\u00ednez Cabrera, el pasado fin de semana, la direcci\u00f3n de Servicios P\u00fablicos dio inicio a la instalaci\u00f3n de los adornos navide\u00f1os en la plaza principal y Presidencia de Lerdo, y que la ciudadan\u00eda pueda disfrutar con anticipaci\u00f3n de esta atracci\u00f3n.<\/p>\n\n\n\n<p>A diferencia del a\u00f1o pasado, en este, se determin\u00f3 anticipar la colocaci\u00f3n de los adornos navide\u00f1os para, en los primeros d\u00edas del \u00faltimo mes del a\u00f1o, brindar a los ciudadanos un espect\u00e1culo de luces con el encendido del Gran \u00c1rbol de Navidad.<\/p>\n\n\n\n<p>Adem\u00e1s, este 2023 se presentan las villas navide\u00f1as, ubicadas frente a la Presidencia Municipal; la iluminaci\u00f3n sobre el Paseo Sarabia; el Gran Nacimiento; el \u00c1rbol Navide\u00f1o; la instalaci\u00f3n de adornos en el boulevard Miguel Alem\u00e1n; y una serie de actividades de temporada, a cargo de las direcciones de Educaci\u00f3n, as\u00ed como Arte y Cultura.<\/p>\n\n\n\n<p>Ser\u00e1 el alcalde de Lerdo Homero Mart\u00ednez quien d\u00e9 a conocer la fecha del encendido navide\u00f1o, una vez que los preparativos concluyan.<\/p>\n","protected":false},"excerpt":{"rendered":"<p>26 de noviembre de 2023. Por indicaciones del Presidente Municipal Homero Mart\u00ednez Cabrera, el pasado fin de semana, la direcci\u00f3n de Servicios P\u00fablicos dio inicio a la instalaci\u00f3n de los adornos navide\u00f1os en la plaza principal y Presidencia de Lerdo, y que la ciudadan\u00eda pueda disfrutar con anticipaci\u00f3n de esta atracci\u00f3n. A diferencia del a\u00f1o&#8230;<\/p>\n","protected":false},"author":1,"featured_media":0,"comment_status":"open","ping_status":"open","sticky":false,"template":"","format":"standard","meta":{"footnotes":""},"categories":[3],"tags":[],"class_list":["post-1544","post","type-post","status-publish","format-standard","hentry","category-lerdo"],"_links":{"self":[{"href":"https:\/\/lagumex.mx\/index\/wp-json\/wp\/v2\/posts\/1544","targetHints":{"allow":["GET"]}}],"collection":[{"href":"https:\/\/lagumex.mx\/index\/wp-json\/wp\/v2\/posts"}],"about":[{"href":"https:\/\/lagumex.mx\/index\/wp-json\/wp\/v2\/types\/post"}],"author":[{"embeddable":true,"href":"https:\/\/lagumex.mx\/index\/wp-json\/wp\/v2\/users\/1"}],"replies":[{"embeddable":true,"href":"https:\/\/lagumex.mx\/index\/wp-json\/wp\/v2\/comments?post=1544"}],"version-history":[{"count":1,"href":"https:\/\/lagumex.mx\/index\/wp-json\/wp\/v2\/posts\/1544\/revisions"}],"predecessor-version":[{"id":1545,"href":"https:\/\/lagumex.mx\/index\/wp-json\/wp\/v2\/posts\/1544\/revisions\/1545"}],"wp:attachment":[{"href":"https:\/\/lagumex.mx\/index\/wp-json\/wp\/v2\/media?parent=1544"}],"wp:term":[{"taxonomy":"category","embeddable":true,"href":"https:\/\/lagumex.mx\/index\/wp-json\/wp\/v2\/categories?post=1544"},{"taxonomy":"post_tag","embeddable":true,"href":"https:\/\/lagumex.mx\/index\/wp-json\/wp\/v2\/tags?post=1544"}],"curies":[{"name":"wp","href":"https:\/\/api.w.org\/{rel}","templated":true}]}}