{"id":1541,"date":"2023-11-27T15:19:00","date_gmt":"2023-11-27T15:19:00","guid":{"rendered":"http:\/\/lagumex.mx\/index\/?p=1541"},"modified":"2023-11-30T15:20:10","modified_gmt":"2023-11-30T15:20:10","slug":"recibe-homero-martinez-aparatos-funcionales-de-cadena-oxxo","status":"publish","type":"post","link":"https:\/\/lagumex.mx\/index\/lerdo\/recibe-homero-martinez-aparatos-funcionales-de-cadena-oxxo\/","title":{"rendered":"Recibe Homero Mart\u00ednez aparatos funcionales de cadena OXXO"},"content":{"rendered":"\n<p>27 de noviembre de 2023. El alcalde reiter\u00f3 que d\u00eda a d\u00eda se trabaja en un Lerdo inclusivo, con m\u00e1s oportunidades y m\u00e1s apoyos a quienes lo necesitan, impulsando el desarrollo y la construcci\u00f3n de una sociedad incluyente, solidaria, equitativa y justa. El hecho que la empresa de OXXO se sume a estas pol\u00edticas p\u00fablicas, viene a reforzar el compromiso con la ciudadan\u00eda. <\/p>\n\n\n\n<p>La directora del sistema para el Desarrollo Integral de la Familia de Lerdo, Ivonne Guti\u00e9rrez, dio la bienvenida a las autoridades y celebr\u00f3 la colaboraci\u00f3n que existe entre la cadena comercial y la instancia gubernamental.<\/p>\n\n\n\n<p>Fue el Gerente de plaza cadena comercial OXXO, Rodrigo Guerrero, quien, acompa\u00f1ado de su equipo conformado por Isabel De los Santos, de Recursos Humanos; Adriana Esc\u00e1rcega, responsable Administrativa; Jos\u00e9 Guevara, analista Gesti\u00f3n P\u00fablica; y Jes\u00fas Ru\u00edz, coordinador regional de gestor\u00eda del grupo OXXO; hizo entrega de los aparatos funcionales a los beneficiarios, para favoreces su movilidad.<\/p>\n\n\n\n<p>En este evento, tambi\u00e9n se cont\u00f3 con la representaci\u00f3n de la diputada Susy Torrecillas, a cargo de Alejandra Escobedo; la directora de atenci\u00f3n a la discapacidad DIF, Cynthia Balderas; y usuarios del DIF.<\/p>\n","protected":false},"excerpt":{"rendered":"<p>27 de noviembre de 2023. El alcalde reiter\u00f3 que d\u00eda a d\u00eda se trabaja en un Lerdo inclusivo, con m\u00e1s oportunidades y m\u00e1s apoyos a quienes lo necesitan, impulsando el desarrollo y la construcci\u00f3n de una sociedad incluyente, solidaria, equitativa y justa. El hecho que la empresa de OXXO se sume a estas pol\u00edticas p\u00fablicas,&#8230;<\/p>\n","protected":false},"author":1,"featured_media":1542,"comment_status":"open","ping_status":"open","sticky":false,"template":"","format":"standard","meta":{"footnotes":""},"categories":[3],"tags":[],"class_list":["post-1541","post","type-post","status-publish","format-standard","has-post-thumbnail","hentry","category-lerdo"],"_links":{"self":[{"href":"https:\/\/lagumex.mx\/index\/wp-json\/wp\/v2\/posts\/1541","targetHints":{"allow":["GET"]}}],"collection":[{"href":"https:\/\/lagumex.mx\/index\/wp-json\/wp\/v2\/posts"}],"about":[{"href":"https:\/\/lagumex.mx\/index\/wp-json\/wp\/v2\/types\/post"}],"author":[{"embeddable":true,"href":"https:\/\/lagumex.mx\/index\/wp-json\/wp\/v2\/users\/1"}],"replies":[{"embeddable":true,"href":"https:\/\/lagumex.mx\/index\/wp-json\/wp\/v2\/comments?post=1541"}],"version-history":[{"count":1,"href":"https:\/\/lagumex.mx\/index\/wp-json\/wp\/v2\/posts\/1541\/revisions"}],"predecessor-version":[{"id":1543,"href":"https:\/\/lagumex.mx\/index\/wp-json\/wp\/v2\/posts\/1541\/revisions\/1543"}],"wp:featuredmedia":[{"embeddable":true,"href":"https:\/\/lagumex.mx\/index\/wp-json\/wp\/v2\/media\/1542"}],"wp:attachment":[{"href":"https:\/\/lagumex.mx\/index\/wp-json\/wp\/v2\/media?parent=1541"}],"wp:term":[{"taxonomy":"category","embeddable":true,"href":"https:\/\/lagumex.mx\/index\/wp-json\/wp\/v2\/categories?post=1541"},{"taxonomy":"post_tag","embeddable":true,"href":"https:\/\/lagumex.mx\/index\/wp-json\/wp\/v2\/tags?post=1541"}],"curies":[{"name":"wp","href":"https:\/\/api.w.org\/{rel}","templated":true}]}}