{"id":1525,"date":"2023-11-26T16:35:53","date_gmt":"2023-11-26T16:35:53","guid":{"rendered":"http:\/\/lagumex.mx\/index\/?p=1525"},"modified":"2023-11-29T16:37:20","modified_gmt":"2023-11-29T16:37:20","slug":"rescataremos-el-servicio-postal-asi-como-estamos-reconstruyendo-durango-esteban","status":"publish","type":"post","link":"https:\/\/lagumex.mx\/index\/durango\/rescataremos-el-servicio-postal-asi-como-estamos-reconstruyendo-durango-esteban\/","title":{"rendered":"Rescataremos el Servicio Postal as\u00ed como estamos reconstruyendo Durango: Esteban"},"content":{"rendered":"\n<h2 class=\"wp-block-heading\">\u00a0\u00a0\u00a0\u00a0\u00a0\u00a0\u00a0\u00a0\u00a0\u00a0\u00a0\u00a0\u00a0\u00a0\u00a0Durango tiene una capacidad de trabajo y seguridad enorme: Roc\u00edo B\u00e1rcena, directora general del Servicio Postal.<\/h2>\n\n\n\n<p>26 de noviembre de 2023. \u201cVamos a rescatar el Servicio Postal de la entidad, as\u00ed como estamos reconstruyendo a Durango\u201d, expres\u00f3 Esteban Villegas Villarreal al entregar junto a la directora general del Servicio Postal Mexicano, Roc\u00edo B\u00e1rcena Molina, nuevas motocicletas y cascos a los trabajadores, a quienes brindar\u00e1 tambi\u00e9n la facilidad para que tramiten sus licencias de conducir.<\/p>\n\n\n\n<p>Al recordar la importancia que tiene el correo para la ciudadan\u00eda duranguense, Villegas Villarreal se comprometi\u00f3 a regresar las oficinas del Servicio Postal Mexicano a su antiguo lugar, cerca de la Estaci\u00f3n del Ferrocarril y ser parte del macro proyecto comercial que se contempla en esta zona.<\/p>\n\n\n\n<p>All\u00ed dio la indicaci\u00f3n para que toda la papeler\u00eda y documentaci\u00f3n como felicitaciones y cartas que se env\u00eda el Gobierno Estatal, sean repartidas a trav\u00e9s de los Correos de M\u00e9xico.<\/p>\n\n\n\n<p>La directora general del Servicio Postal Mexicano, Roc\u00edo B\u00e1rcena Molina, adem\u00e1s de celebrar la trig\u00e9sima octava entrega de motocicletas al personal operativo, agradeci\u00f3 al Gobernador por su generosidad y calidad, adem\u00e1s de reconocer que Durango tiene una capacidad de trabajo y una seguridad enorme.<\/p>\n\n\n\n<p>Por su parte, el alcalde capitalino, To\u00f1o Ochoa, aplaudi\u00f3 el trabajo que realizan los carteros en Durango, ya que son los encargados de llevar con rumbo, sentido y prop\u00f3sito&nbsp; las noticias diarias a toda la ciudadan\u00eda.<\/p>\n\n\n\n<p>A nombre de la gran familia postal, Arturo Javier M\u00e1rquez Flores, agradeci\u00f3 el apoyo del Gobernador y reiter\u00f3 su compromiso para seguir realizando su trabajo de la mejor manera; \u201choy nosotros estamos de fiesta porque vamos a recibir motocicletas nuevas, todos los d\u00edas mis compa\u00f1eros y yo salimos a las calles con muchas ganas de cumplir nuestra encomienda, contentos de portar nuestro uniforme y servir a la poblaci\u00f3n duranguense\u201d, concluy\u00f3.<\/p>\n","protected":false},"excerpt":{"rendered":"<p>\u00a0\u00a0\u00a0\u00a0\u00a0\u00a0\u00a0\u00a0\u00a0\u00a0\u00a0\u00a0\u00a0\u00a0\u00a0Durango tiene una capacidad de trabajo y seguridad enorme: Roc\u00edo B\u00e1rcena, directora general del Servicio Postal. 26 de noviembre de 2023. \u201cVamos a rescatar el Servicio Postal de la entidad, as\u00ed como estamos reconstruyendo a Durango\u201d, expres\u00f3 Esteban Villegas Villarreal al entregar junto a la directora general del Servicio Postal Mexicano, Roc\u00edo B\u00e1rcena Molina, nuevas&#8230;<\/p>\n","protected":false},"author":1,"featured_media":1526,"comment_status":"open","ping_status":"open","sticky":false,"template":"","format":"standard","meta":{"footnotes":""},"categories":[1],"tags":[],"class_list":["post-1525","post","type-post","status-publish","format-standard","has-post-thumbnail","hentry","category-durango"],"_links":{"self":[{"href":"https:\/\/lagumex.mx\/index\/wp-json\/wp\/v2\/posts\/1525","targetHints":{"allow":["GET"]}}],"collection":[{"href":"https:\/\/lagumex.mx\/index\/wp-json\/wp\/v2\/posts"}],"about":[{"href":"https:\/\/lagumex.mx\/index\/wp-json\/wp\/v2\/types\/post"}],"author":[{"embeddable":true,"href":"https:\/\/lagumex.mx\/index\/wp-json\/wp\/v2\/users\/1"}],"replies":[{"embeddable":true,"href":"https:\/\/lagumex.mx\/index\/wp-json\/wp\/v2\/comments?post=1525"}],"version-history":[{"count":1,"href":"https:\/\/lagumex.mx\/index\/wp-json\/wp\/v2\/posts\/1525\/revisions"}],"predecessor-version":[{"id":1527,"href":"https:\/\/lagumex.mx\/index\/wp-json\/wp\/v2\/posts\/1525\/revisions\/1527"}],"wp:featuredmedia":[{"embeddable":true,"href":"https:\/\/lagumex.mx\/index\/wp-json\/wp\/v2\/media\/1526"}],"wp:attachment":[{"href":"https:\/\/lagumex.mx\/index\/wp-json\/wp\/v2\/media?parent=1525"}],"wp:term":[{"taxonomy":"category","embeddable":true,"href":"https:\/\/lagumex.mx\/index\/wp-json\/wp\/v2\/categories?post=1525"},{"taxonomy":"post_tag","embeddable":true,"href":"https:\/\/lagumex.mx\/index\/wp-json\/wp\/v2\/tags?post=1525"}],"curies":[{"name":"wp","href":"https:\/\/api.w.org\/{rel}","templated":true}]}}