{"id":1513,"date":"2023-11-22T16:26:32","date_gmt":"2023-11-22T16:26:32","guid":{"rendered":"http:\/\/lagumex.mx\/index\/?p=1513"},"modified":"2023-11-29T16:30:15","modified_gmt":"2023-11-29T16:30:15","slug":"con-aulas-virtuales-y-capacitacion-gobierno-de-esteban-brinda-mejores-herramientas-a-maestros-para-educar-ninos","status":"publish","type":"post","link":"https:\/\/lagumex.mx\/index\/durango\/con-aulas-virtuales-y-capacitacion-gobierno-de-esteban-brinda-mejores-herramientas-a-maestros-para-educar-ninos\/","title":{"rendered":"Con Aulas Virtuales y Capacitaci\u00f3n, Gobierno de Esteban brinda mejores herramientas a maestros para educar ni\u00f1os"},"content":{"rendered":"\n<p>\u201cNos brindan mejores oportunidades a profesores y un mejor futuro a estudiantes\u201d, reconocen.<\/p>\n\n\n\n<p>22 de noviembre de 2023.La reconstrucci\u00f3n del sistema educativo del estado, a trav\u00e9s de programas como las Aulas Virtuales Interactivas y la capacitaci\u00f3n de los trabajadores, que impulsa el Gobierno de Esteban, beneficia a los maestros en sus tareas frente a grupo, lo que se traduce en mejores oportunidades para los profesores y un mejor futuro para los estudiantes, coincidieron docentes en el marco del primer Congreso Internacional de Educaci\u00f3n, Salud y G\u00e9nero (CIESGEN).<\/p>\n\n\n\n<p>En este sentido, Claudia Calleros, maestra del CAM en Tayoltita, subray\u00f3 que, a trav\u00e9s de la capacitaci\u00f3n y actualizaci\u00f3n, les es posible adaptarse a las nuevas generaciones de j\u00f3venes y estudiantes.<\/p>\n\n\n\n<p>\u201cYo creo que, lo que est\u00e1 haciendo el gobernador Esteban Villegas y el Secretario de Educaci\u00f3n, es muy bueno para los docentes, porque nos permite prepararnos cada vez m\u00e1s y enfrentar las adversidades que se dan frente al grupo, en cualquier comunidad\u201d, agreg\u00f3.<\/p>\n\n\n\n<p>De la misma manera, el profesor de educaci\u00f3n f\u00edsica en el poblado La Ferrer\u00eda, David Bretado, destac\u00f3 que las habilidades aprendidas durante el CIESGEN, brindan diferentes estrategias para atender a los ni\u00f1os de mejor manera y poder ofrecer un mejor servicio educativo.<\/p>\n\n\n\n<p>Por otro lado, la docente en El Salto, Pueblo Nuevo, Irasema Silva, resalt\u00f3 el perfil de car\u00e1cter internacional de los conferencistas que participaron, ya que les permite adaptarse y aprender mejor sobre los retos y contrastes que presenta la Nueva Escuela Mexicana, desde un enfoque m\u00e1s completo.<\/p>\n\n\n\n<p>\u201cEstar escuchando, tener la oportunidad de estar en un Congreso donde hay an\u00e1lisis de especialistas muy distintos, va a ser muy enriquecedor porque Durango tiene muchos contextos diversos, pero un an\u00e1lisis as\u00ed, con grandes ponentes y el magisterio, resultar\u00e1 positivo para nuestros alumnos\u201d, agreg\u00f3 la docente.<\/p>\n\n\n\n<p>Nicolette Celis, docente en La Ferrer\u00eda, reconoci\u00f3 que, al Gobierno de Esteban Villegas le interesa mejorar la educaci\u00f3n en Durango y recalc\u00f3 que, \u201ces una muy buena ayuda, ya que los maestros&nbsp; estamos entrando en estas nuevas formas de la Nueva Escuela Mexicana y me parece que nos est\u00e1n dando armas y herramientas, para nosotros actualizarnos\u201d, finaliz\u00f3.<\/p>\n","protected":false},"excerpt":{"rendered":"<p>\u201cNos brindan mejores oportunidades a profesores y un mejor futuro a estudiantes\u201d, reconocen. 22 de noviembre de 2023.La reconstrucci\u00f3n del sistema educativo del estado, a trav\u00e9s de programas como las Aulas Virtuales Interactivas y la capacitaci\u00f3n de los trabajadores, que impulsa el Gobierno de Esteban, beneficia a los maestros en sus tareas frente a grupo,&#8230;<\/p>\n","protected":false},"author":1,"featured_media":1514,"comment_status":"open","ping_status":"open","sticky":false,"template":"","format":"standard","meta":{"footnotes":""},"categories":[1],"tags":[],"class_list":["post-1513","post","type-post","status-publish","format-standard","has-post-thumbnail","hentry","category-durango"],"_links":{"self":[{"href":"https:\/\/lagumex.mx\/index\/wp-json\/wp\/v2\/posts\/1513","targetHints":{"allow":["GET"]}}],"collection":[{"href":"https:\/\/lagumex.mx\/index\/wp-json\/wp\/v2\/posts"}],"about":[{"href":"https:\/\/lagumex.mx\/index\/wp-json\/wp\/v2\/types\/post"}],"author":[{"embeddable":true,"href":"https:\/\/lagumex.mx\/index\/wp-json\/wp\/v2\/users\/1"}],"replies":[{"embeddable":true,"href":"https:\/\/lagumex.mx\/index\/wp-json\/wp\/v2\/comments?post=1513"}],"version-history":[{"count":1,"href":"https:\/\/lagumex.mx\/index\/wp-json\/wp\/v2\/posts\/1513\/revisions"}],"predecessor-version":[{"id":1515,"href":"https:\/\/lagumex.mx\/index\/wp-json\/wp\/v2\/posts\/1513\/revisions\/1515"}],"wp:featuredmedia":[{"embeddable":true,"href":"https:\/\/lagumex.mx\/index\/wp-json\/wp\/v2\/media\/1514"}],"wp:attachment":[{"href":"https:\/\/lagumex.mx\/index\/wp-json\/wp\/v2\/media?parent=1513"}],"wp:term":[{"taxonomy":"category","embeddable":true,"href":"https:\/\/lagumex.mx\/index\/wp-json\/wp\/v2\/categories?post=1513"},{"taxonomy":"post_tag","embeddable":true,"href":"https:\/\/lagumex.mx\/index\/wp-json\/wp\/v2\/tags?post=1513"}],"curies":[{"name":"wp","href":"https:\/\/api.w.org\/{rel}","templated":true}]}}