{"id":1499,"date":"2023-11-19T16:17:15","date_gmt":"2023-11-19T16:17:15","guid":{"rendered":"http:\/\/lagumex.mx\/index\/?p=1499"},"modified":"2023-11-29T16:18:46","modified_gmt":"2023-11-29T16:18:46","slug":"con-valor-y-corazon-se-unieron-duranguenses-a-la-kermes-de-la-familia-2023-para-llevar-miles-de-sonrisas-a-ninos","status":"publish","type":"post","link":"https:\/\/lagumex.mx\/index\/durango\/con-valor-y-corazon-se-unieron-duranguenses-a-la-kermes-de-la-familia-2023-para-llevar-miles-de-sonrisas-a-ninos\/","title":{"rendered":"Con valor y coraz\u00f3n, se unieron duranguenses a la Kerm\u00e9s de la Familia 2023 para llevar miles de sonrisas a ni\u00f1os"},"content":{"rendered":"\n<p>\u2022&nbsp;&nbsp;&nbsp;&nbsp;&nbsp;&nbsp;&nbsp;&nbsp;&nbsp;&nbsp;&nbsp;&nbsp; Asistentes disfrutaron de gastronom\u00eda, juegos mec\u00e1nicos, charreada, escaramuzas, exhibici\u00f3n militar, marat\u00f3n fitness, zona kids y feria de la salud.<\/p>\n\n\n\n<p>19 de noviembre.- Con el valor y coraz\u00f3n de todos los duranguenses, lograremos llevar alegr\u00eda e ilusi\u00f3n a nuestras ni\u00f1as y ni\u00f1os esta Navidad, coincidieron la presidenta de DIF Estatal, Marisol Rosso y el gobernador Esteban Villegas Villarreal, al dar inicio oficial de la Kermesse de la Familia Villista 2023, quienes, en compa\u00f1\u00eda de los asistentes, disfrutaron de esta verbena, y adem\u00e1s, contribuyeron para superar la meta que permitir\u00e1 llevar juguetes a los ni\u00f1os de Durango.<\/p>\n\n\n\n<p>\u201cGracias de todo coraz\u00f3n a los que hoy se suman con su granito de arena para llevar esperanza, ya que lo que m\u00e1s nos interesa, es crear sonrisas en miles de ni\u00f1as y ni\u00f1os esta Navidad\u201d, que se multiplique su apoyo para todos los que aportan a esta noble causa\u201d, expres\u00f3 Marisol, tras agradecer al Congreso del Estado, gobiernos municipales, c\u00e1maras empresariales, a la comarca lagunera, como a alcaldes que hoy comparten un poquito de esta magia de todos los municipios, asinti\u00f3.<\/p>\n\n\n\n<p>El Ejecutivo Estatal dijo que, gracias a la participaci\u00f3n de todos, a partir de este pr\u00f3ximo 5 de diciembre recorrer\u00e1n cada rinc\u00f3n del estado y escuela por escuela, para llegar a miles de corazones esta \u00e9poca decembrina, \u201cde eso se trata, de rescatar esa sonrisa de la gente m\u00e1s vulnerable, despertar una esperanza y decirles que todo el equipo de Durango estamos con ellos para que la pasen felices junto con sus familias\u201d, expres\u00f3.<\/p>\n\n\n\n<p>Por su parte, Sandra Lilia Amaya Rosales, presidenta de la Junta de Gobierno y Coordinaci\u00f3n Pol\u00edtica del Congreso del Estado, se sum\u00f3 a este trabajo en equipo para seguir aportando a favor de los peque\u00f1os, y a nombre de las y los presidentes municipales, To\u00f1o Ochoa, celebr\u00f3 esta noble labor que permite llevar juguetes a los ni\u00f1os de los 39 municipios, adem\u00e1s de fomentar la unidad de las familias.<\/p>\n\n\n\n<p>Los visitantes y familias que se dieron cita a divertirse en las instalaciones de la Fenadu, desde temprano pudieron degustar el sabor y la tradici\u00f3n con diferentes platillos en la zona gastron\u00f3mica; posteriormente disfrutaron del marat\u00f3n de baile fitness y jumping, mientras que para los ni\u00f1os y adolescentes hubo diversas actividades como brincolines, spa, futbolito, concursos de obst\u00e1culos, entre otros.<\/p>\n\n\n\n<p>De igual forma, se instalaron juegos mec\u00e1nicos, una exhibici\u00f3n militar y se llev\u00f3 a cabo la tradicional Feria de Escaramuzas y la Charreada Nacional, por lo que, adem\u00e1s de aportar un granito de arena, chicos y grandes tuvieron la oportunidad de gozar y disfrutar a lo grande este d\u00eda.<\/p>\n","protected":false},"excerpt":{"rendered":"<p>\u2022&nbsp;&nbsp;&nbsp;&nbsp;&nbsp;&nbsp;&nbsp;&nbsp;&nbsp;&nbsp;&nbsp;&nbsp; Asistentes disfrutaron de gastronom\u00eda, juegos mec\u00e1nicos, charreada, escaramuzas, exhibici\u00f3n militar, marat\u00f3n fitness, zona kids y feria de la salud. 19 de noviembre.- Con el valor y coraz\u00f3n de todos los duranguenses, lograremos llevar alegr\u00eda e ilusi\u00f3n a nuestras ni\u00f1as y ni\u00f1os esta Navidad, coincidieron la presidenta de DIF Estatal, Marisol Rosso y el gobernador&#8230;<\/p>\n","protected":false},"author":1,"featured_media":1500,"comment_status":"open","ping_status":"open","sticky":false,"template":"","format":"standard","meta":{"footnotes":""},"categories":[1],"tags":[],"class_list":["post-1499","post","type-post","status-publish","format-standard","has-post-thumbnail","hentry","category-durango"],"_links":{"self":[{"href":"https:\/\/lagumex.mx\/index\/wp-json\/wp\/v2\/posts\/1499","targetHints":{"allow":["GET"]}}],"collection":[{"href":"https:\/\/lagumex.mx\/index\/wp-json\/wp\/v2\/posts"}],"about":[{"href":"https:\/\/lagumex.mx\/index\/wp-json\/wp\/v2\/types\/post"}],"author":[{"embeddable":true,"href":"https:\/\/lagumex.mx\/index\/wp-json\/wp\/v2\/users\/1"}],"replies":[{"embeddable":true,"href":"https:\/\/lagumex.mx\/index\/wp-json\/wp\/v2\/comments?post=1499"}],"version-history":[{"count":1,"href":"https:\/\/lagumex.mx\/index\/wp-json\/wp\/v2\/posts\/1499\/revisions"}],"predecessor-version":[{"id":1501,"href":"https:\/\/lagumex.mx\/index\/wp-json\/wp\/v2\/posts\/1499\/revisions\/1501"}],"wp:featuredmedia":[{"embeddable":true,"href":"https:\/\/lagumex.mx\/index\/wp-json\/wp\/v2\/media\/1500"}],"wp:attachment":[{"href":"https:\/\/lagumex.mx\/index\/wp-json\/wp\/v2\/media?parent=1499"}],"wp:term":[{"taxonomy":"category","embeddable":true,"href":"https:\/\/lagumex.mx\/index\/wp-json\/wp\/v2\/categories?post=1499"},{"taxonomy":"post_tag","embeddable":true,"href":"https:\/\/lagumex.mx\/index\/wp-json\/wp\/v2\/tags?post=1499"}],"curies":[{"name":"wp","href":"https:\/\/api.w.org\/{rel}","templated":true}]}}