{"id":1494,"date":"2023-11-17T16:14:12","date_gmt":"2023-11-17T16:14:12","guid":{"rendered":"http:\/\/lagumex.mx\/index\/?p=1494"},"modified":"2023-11-29T16:15:34","modified_gmt":"2023-11-29T16:15:34","slug":"esteban-y-tono-reconstruyen-la-capital-con-nuevo-parque-en-bajo-puente-francisco-villa","status":"publish","type":"post","link":"https:\/\/lagumex.mx\/index\/durango\/esteban-y-tono-reconstruyen-la-capital-con-nuevo-parque-en-bajo-puente-francisco-villa\/","title":{"rendered":"Esteban y To\u00f1o reconstruyen la capital con nuevo parque en bajo puente Francisco Villa"},"content":{"rendered":"\n<ul class=\"wp-block-list\">\n<li>Locatarios del Mercado de Abastos, se unen a esta reconstrucci\u00f3n de Durango.<\/li>\n<\/ul>\n\n\n\n<p>17 de noviembre de 2023. En compromiso con los habitantes de la capital y como parte de la reconstrucci\u00f3n de Durango, los ciudadanos tendr\u00e1n un nuevo espacio de esparcimiento, seguro y con vegetaci\u00f3n, destac\u00f3 el gobernador Esteban Villegas Villarreal al recorrer junto al alcalde To\u00f1o Ochoa, los trabajos de modernizaci\u00f3n de\u00a0 la imagen urbana del bajo puente Francisco Villa.<\/p>\n\n\n\n<p>El Ejecutivo Estatal, dijo que este proyecto que se realiza en coordinaci\u00f3n con el Gobierno Municipal, no perjudicar\u00e1 ning\u00fan aspecto de la vialidad durante su construcci\u00f3n; \u00abno se va a cerrar la circulaci\u00f3n y cuando sea un tema de alguna l\u00ednea de agua, se realizar\u00e1 en la noche\u00bb, precis\u00f3 al se\u00f1alar que ya se realizaron pl\u00e1ticas previas con locatarios del Mercado de Abastos a fin de brindar un espacio funcional para los usuarios.<\/p>\n\n\n\n<p>Detall\u00f3 que este nuevo parque de forma lineal del bajo puente, con un espacio alrededor de 360 metros, se planea realizar entre seis y ocho meses la obra, ya que la idea, dijo, es terminarlo a finales de mayo o principios de junio, para que las familias de dicha zona, cuenten con espacios dignos y traslados seguros.<\/p>\n\n\n\n<p>Junto con la secretaria de Comunicaciones y Obras P\u00fablicas, Ana Rosa Hern\u00e1ndez Renter\u00eda, explicaron que pr\u00e1cticamente en esta zona aumentar\u00e1n al doble las \u00e1reas de vegetaci\u00f3n y tendr\u00e1n cisterna y un sistema de riego para su conservaci\u00f3n, as\u00ed como una pista de tart\u00e1n para correr, iluminaci\u00f3n, \u00e1rea para la pr\u00e1ctica de deportes y accesos peatonales m\u00e1s seguros.<\/p>\n\n\n\n<p>En este recorrido, el presidente municipal, To\u00f1o Ochoa, agradeci\u00f3 el compromiso del Gobernador con la apertura de m\u00e1s espacios familiares, que incluyen \u00e1reas verdes, mayor seguridad y que a su vez, fomentan la interacci\u00f3n social.<\/p>\n\n\n\n<p>Finalmente Villegas Villarreal, detall\u00f3 que se continuar\u00e1 con el rescate de estos espacios que estaban en el abandono, vandalizados y que ahora los duranguenses se deben adue\u00f1ar, es decir, hacerlos suyos, disfrutarlos y cuidarlos.<\/p>\n\n\n\n<p>Reynaldo Dosal, secretario de la Central de Abastos \u201cFrancisco Villa\u201d, manifest\u00f3 que les da gusto que las autoridades est\u00e9n volteando al mercado, como a esa zona del puente, para que le den su terminado a dicha obra y quede m\u00e1s bonito y seguro, se\u00f1al\u00f3, al agregar que por parte de los locatarios, se har\u00e1n cargo de dar mantenimiento a dos \u00e1reas verdes e hizo un llamado a la sociedad, para que se sumen&nbsp; de igual manera a patrocinar dichos espacios, a favor del desarrollo y una mejor imagen de la entidad.<\/p>\n","protected":false},"excerpt":{"rendered":"<p>17 de noviembre de 2023. En compromiso con los habitantes de la capital y como parte de la reconstrucci\u00f3n de Durango, los ciudadanos tendr\u00e1n un nuevo espacio de esparcimiento, seguro y con vegetaci\u00f3n, destac\u00f3 el gobernador Esteban Villegas Villarreal al recorrer junto al alcalde To\u00f1o Ochoa, los trabajos de modernizaci\u00f3n de\u00a0 la imagen urbana del&#8230;<\/p>\n","protected":false},"author":1,"featured_media":1495,"comment_status":"open","ping_status":"open","sticky":false,"template":"","format":"standard","meta":{"footnotes":""},"categories":[1],"tags":[],"class_list":["post-1494","post","type-post","status-publish","format-standard","has-post-thumbnail","hentry","category-durango"],"_links":{"self":[{"href":"https:\/\/lagumex.mx\/index\/wp-json\/wp\/v2\/posts\/1494","targetHints":{"allow":["GET"]}}],"collection":[{"href":"https:\/\/lagumex.mx\/index\/wp-json\/wp\/v2\/posts"}],"about":[{"href":"https:\/\/lagumex.mx\/index\/wp-json\/wp\/v2\/types\/post"}],"author":[{"embeddable":true,"href":"https:\/\/lagumex.mx\/index\/wp-json\/wp\/v2\/users\/1"}],"replies":[{"embeddable":true,"href":"https:\/\/lagumex.mx\/index\/wp-json\/wp\/v2\/comments?post=1494"}],"version-history":[{"count":1,"href":"https:\/\/lagumex.mx\/index\/wp-json\/wp\/v2\/posts\/1494\/revisions"}],"predecessor-version":[{"id":1496,"href":"https:\/\/lagumex.mx\/index\/wp-json\/wp\/v2\/posts\/1494\/revisions\/1496"}],"wp:featuredmedia":[{"embeddable":true,"href":"https:\/\/lagumex.mx\/index\/wp-json\/wp\/v2\/media\/1495"}],"wp:attachment":[{"href":"https:\/\/lagumex.mx\/index\/wp-json\/wp\/v2\/media?parent=1494"}],"wp:term":[{"taxonomy":"category","embeddable":true,"href":"https:\/\/lagumex.mx\/index\/wp-json\/wp\/v2\/categories?post=1494"},{"taxonomy":"post_tag","embeddable":true,"href":"https:\/\/lagumex.mx\/index\/wp-json\/wp\/v2\/tags?post=1494"}],"curies":[{"name":"wp","href":"https:\/\/api.w.org\/{rel}","templated":true}]}}