{"id":1473,"date":"2023-11-10T14:21:50","date_gmt":"2023-11-10T14:21:50","guid":{"rendered":"http:\/\/lagumex.mx\/index\/?p=1473"},"modified":"2023-11-15T14:23:18","modified_gmt":"2023-11-15T14:23:18","slug":"cumple-esteban-con-aumento-a-personal-educativo-con-medida-de-bienestar-y-pago-retroactivo","status":"publish","type":"post","link":"https:\/\/lagumex.mx\/index\/durango\/cumple-esteban-con-aumento-a-personal-educativo-con-medida-de-bienestar-y-pago-retroactivo\/","title":{"rendered":"Cumple Esteban con aumento a personal educativo con \u201cMedida de Bienestar\u201d y pago retroactivo"},"content":{"rendered":"\n<h2 class=\"wp-block-heading\">Reconoci\u00f3 el respaldo del Gobierno Federal para lograr esta mejora, as\u00ed como de l\u00edderes de las secciones 12, 44 y 35 del SNTE.<\/h2>\n\n\n\n<p>10 de noviembre de 2023. Como parte de los compromisos para el sector educativo, de dignificar y reconocer su labor, el gobernador Esteban Villegas Villarreal anunci\u00f3 que se llevar\u00e1 a cabo el ajuste salarial a todo el personal con menores ingresos a fin de revalorizar y fortalecer la educaci\u00f3n p\u00fablica, esto a trav\u00e9s del concepto \u201cMedida de Bienestar\u201d.<\/p>\n\n\n\n<p>El Ejecutivo Estatal explic\u00f3 que se trata de un aumento para el personal de bajos ingresos y cuyos montos se aplicar\u00e1n a la compensaci\u00f3n garantizada, indic\u00f3, tras se\u00f1alar que tambi\u00e9n est\u00e1 asegurado, tanto para el personal federal, como el estatal; con esto se confirma que, quienes trabajen para el sistema educativo, no ganen menos de 16 mil pesos y puedan brindar mejores oportunidades a sus familias.<\/p>\n\n\n\n<p>\u201cPara mi Gobierno, los trabajadores de la educaci\u00f3n son parte fundamental, y esto, ha quedado plasmado en el pleno respeto a sus derechos y la revalorizaci\u00f3n de su trabajo en las aulas\u201d, expres\u00f3 Villegas Villarreal, al detallar que este acto complementa el desarrollo y la reconstrucci\u00f3n de Durango, ya que depende en gran medida de la ense\u00f1anza a trav\u00e9s del d\u00eda a d\u00eda favoreciendo lo m\u00e1s importante como lo son los hijos.<\/p>\n\n\n\n<p>Reconoci\u00f3 el trabajo de los l\u00edderes de las secciones 12, 35 y 44 del Sindicato Nacional de Trabajadores de la Educaci\u00f3n y aprovech\u00f3 para informar que&nbsp; el pago por el concepto conocido como \u201cMedida de Bienestar\u201d (MB), se emitir\u00e1 de manera oportuna, este pr\u00f3ximo viernes 24 de noviembre, en tiempo y forma.<\/p>\n\n\n\n<p>Todo esto, derivado del acuerdo entre el Gobierno Federal, a trav\u00e9s de la Secretar\u00eda de Educaci\u00f3n P\u00fablica y el SNTE, con quienes en estos d\u00edas se reunir\u00e1 para seguir formulando acuerdos a favor del gremio educativo, tanto docentes como administrativos y seguir logrando un mejor nivel educativo en la entidad.<\/p>\n","protected":false},"excerpt":{"rendered":"<p>Reconoci\u00f3 el respaldo del Gobierno Federal para lograr esta mejora, as\u00ed como de l\u00edderes de las secciones 12, 44 y 35 del SNTE. 10 de noviembre de 2023. Como parte de los compromisos para el sector educativo, de dignificar y reconocer su labor, el gobernador Esteban Villegas Villarreal anunci\u00f3 que se llevar\u00e1 a cabo el&#8230;<\/p>\n","protected":false},"author":1,"featured_media":1474,"comment_status":"open","ping_status":"open","sticky":false,"template":"","format":"standard","meta":{"footnotes":""},"categories":[1],"tags":[],"class_list":["post-1473","post","type-post","status-publish","format-standard","has-post-thumbnail","hentry","category-durango"],"_links":{"self":[{"href":"https:\/\/lagumex.mx\/index\/wp-json\/wp\/v2\/posts\/1473","targetHints":{"allow":["GET"]}}],"collection":[{"href":"https:\/\/lagumex.mx\/index\/wp-json\/wp\/v2\/posts"}],"about":[{"href":"https:\/\/lagumex.mx\/index\/wp-json\/wp\/v2\/types\/post"}],"author":[{"embeddable":true,"href":"https:\/\/lagumex.mx\/index\/wp-json\/wp\/v2\/users\/1"}],"replies":[{"embeddable":true,"href":"https:\/\/lagumex.mx\/index\/wp-json\/wp\/v2\/comments?post=1473"}],"version-history":[{"count":1,"href":"https:\/\/lagumex.mx\/index\/wp-json\/wp\/v2\/posts\/1473\/revisions"}],"predecessor-version":[{"id":1475,"href":"https:\/\/lagumex.mx\/index\/wp-json\/wp\/v2\/posts\/1473\/revisions\/1475"}],"wp:featuredmedia":[{"embeddable":true,"href":"https:\/\/lagumex.mx\/index\/wp-json\/wp\/v2\/media\/1474"}],"wp:attachment":[{"href":"https:\/\/lagumex.mx\/index\/wp-json\/wp\/v2\/media?parent=1473"}],"wp:term":[{"taxonomy":"category","embeddable":true,"href":"https:\/\/lagumex.mx\/index\/wp-json\/wp\/v2\/categories?post=1473"},{"taxonomy":"post_tag","embeddable":true,"href":"https:\/\/lagumex.mx\/index\/wp-json\/wp\/v2\/tags?post=1473"}],"curies":[{"name":"wp","href":"https:\/\/api.w.org\/{rel}","templated":true}]}}