{"id":1456,"date":"2023-11-06T13:54:44","date_gmt":"2023-11-06T13:54:44","guid":{"rendered":"http:\/\/lagumex.mx\/index\/?p=1456"},"modified":"2023-11-15T13:56:34","modified_gmt":"2023-11-15T13:56:34","slug":"destinaran-mas-presupuesto-a-la-ease-sughey-torres","status":"publish","type":"post","link":"https:\/\/lagumex.mx\/index\/uncategorized\/congreso-de-durango\/destinaran-mas-presupuesto-a-la-ease-sughey-torres\/","title":{"rendered":"Destinar\u00e1n m\u00e1s presupuesto a la EASE: Sughey Torres."},"content":{"rendered":"\n<h2 class=\"wp-block-heading\">Necesario m\u00e1s personal calificado para eficientar fiscalizaci\u00f3n de recursos p\u00fablicos.<\/h2>\n\n\n\n<p>06 de noviembre de 2023.El rechazo o aprobaci\u00f3n de las cuentas p\u00fablicas, son decisiones colegiadas, no de un diputado en particular.<\/p>\n\n\n\n<p>Con el objetivo de eficientar la fiscalizaci\u00f3n de recursos p\u00fablicos, fortalecer la transparencia y la rendici\u00f3n de cuentas, los legisladores locales buscar\u00e1n incrementar el presupuesto 2024 de la Entidad de Auditoria Superior del Estado (EASE), adelant\u00f3 la presidenta de la Comisi\u00f3n de Hacienda, Presupuesto y Cuenta P\u00fablica del Congreso del Estado, diputada Sughey Torres Rodr\u00edguez.<\/p>\n\n\n\n<p>Dijo que durante la sesi\u00f3n, donde las comisiones unidas de Vigilancia de la Entidad Superior del Estado y la de Hacienda, Presupuesto y Cuenta P\u00fablica, se instalaron -de manera in\u00e9dita- en sesi\u00f3n permanente, se determin\u00f3 la necesidad de robustecer a la EASE, porque la poblaci\u00f3n requiere saber, de manera clara, en qu\u00e9 y c\u00f3mo se gastan sus impuestos.<\/p>\n\n\n\n<p>Sughey Torres Rodr\u00edguez, del Grupo Parlamentario del PRI (GP-PRI), inform\u00f3 que los legisladores integrantes de las comisiones unidas coincidieron en la exigencia de dotar de m\u00e1s personal calificado a la EASE, a fin de cumplir con ese prop\u00f3sito.<\/p>\n\n\n\n<p>En adelante, los municipios no tendr\u00e1n m\u00e1s tiempo para desahogar las observaciones se\u00f1aladas que la estipulada en la ley vigente; es decir, veinte d\u00edas h\u00e1biles, a partir de la publicaci\u00f3n del Decreto que establece el rechazo de la o las cuentas municipales. Antes, se presentaron casos en que los ayuntamientos ped\u00edan dos o tres meses para la solventaci\u00f3n de se\u00f1alamientos.<\/p>\n\n\n\n<p>Precis\u00f3 que la transparencia no es decisi\u00f3n de un diputado en particular, es una convicci\u00f3n y un compromiso de todos. \u201cLas decisiones no son unipersonales, se trata de acuerdos colegiados, basadas en las evidencias t\u00e9cnico-contable que se presentan en las observaciones de las cuentas p\u00fablicas: no hay una indicaci\u00f3n de nadie en lo personal\u201d.<\/p>\n\n\n\n<p>Record\u00f3 que durante el proceso de revisi\u00f3n de las cuentas p\u00fablicas al estado, municipios y organismos aut\u00f3nomos correspondientes al a\u00f1o anterior, 24 han sido rechazadas por el pleno de los diputados (estado y 23 municipios). Derivado de ello, las comisiones unidas determinaron su instalaci\u00f3n permanente para conocer en tiempo real los avances de clarificaci\u00f3n que se presentan en cada una, finaliz\u00f3 Sughey Torres Rodr\u00edguez.<\/p>\n","protected":false},"excerpt":{"rendered":"<p>Necesario m\u00e1s personal calificado para eficientar fiscalizaci\u00f3n de recursos p\u00fablicos. 06 de noviembre de 2023.El rechazo o aprobaci\u00f3n de las cuentas p\u00fablicas, son decisiones colegiadas, no de un diputado en particular. Con el objetivo de eficientar la fiscalizaci\u00f3n de recursos p\u00fablicos, fortalecer la transparencia y la rendici\u00f3n de cuentas, los legisladores locales buscar\u00e1n incrementar el&#8230;<\/p>\n","protected":false},"author":1,"featured_media":1457,"comment_status":"open","ping_status":"open","sticky":false,"template":"","format":"standard","meta":{"footnotes":""},"categories":[13],"tags":[],"class_list":["post-1456","post","type-post","status-publish","format-standard","has-post-thumbnail","hentry","category-congreso-de-durango"],"_links":{"self":[{"href":"https:\/\/lagumex.mx\/index\/wp-json\/wp\/v2\/posts\/1456","targetHints":{"allow":["GET"]}}],"collection":[{"href":"https:\/\/lagumex.mx\/index\/wp-json\/wp\/v2\/posts"}],"about":[{"href":"https:\/\/lagumex.mx\/index\/wp-json\/wp\/v2\/types\/post"}],"author":[{"embeddable":true,"href":"https:\/\/lagumex.mx\/index\/wp-json\/wp\/v2\/users\/1"}],"replies":[{"embeddable":true,"href":"https:\/\/lagumex.mx\/index\/wp-json\/wp\/v2\/comments?post=1456"}],"version-history":[{"count":1,"href":"https:\/\/lagumex.mx\/index\/wp-json\/wp\/v2\/posts\/1456\/revisions"}],"predecessor-version":[{"id":1458,"href":"https:\/\/lagumex.mx\/index\/wp-json\/wp\/v2\/posts\/1456\/revisions\/1458"}],"wp:featuredmedia":[{"embeddable":true,"href":"https:\/\/lagumex.mx\/index\/wp-json\/wp\/v2\/media\/1457"}],"wp:attachment":[{"href":"https:\/\/lagumex.mx\/index\/wp-json\/wp\/v2\/media?parent=1456"}],"wp:term":[{"taxonomy":"category","embeddable":true,"href":"https:\/\/lagumex.mx\/index\/wp-json\/wp\/v2\/categories?post=1456"},{"taxonomy":"post_tag","embeddable":true,"href":"https:\/\/lagumex.mx\/index\/wp-json\/wp\/v2\/tags?post=1456"}],"curies":[{"name":"wp","href":"https:\/\/api.w.org\/{rel}","templated":true}]}}