{"id":1453,"date":"2023-11-13T01:51:00","date_gmt":"2023-11-13T01:51:00","guid":{"rendered":"http:\/\/lagumex.mx\/index\/?p=1453"},"modified":"2023-11-15T13:53:46","modified_gmt":"2023-11-15T13:53:46","slug":"preocupa-a-sandra-amaya-aumento-de-delitos-contra-la-diversidad-sexual","status":"publish","type":"post","link":"https:\/\/lagumex.mx\/index\/uncategorized\/congreso-de-durango\/preocupa-a-sandra-amaya-aumento-de-delitos-contra-la-diversidad-sexual\/","title":{"rendered":"Preocupa a Sandra Amaya aumento de delitos contra la diversidad sexual"},"content":{"rendered":"\n<h2 class=\"wp-block-heading\">Propone reformar C\u00f3digo Penal para incrementar sanciones por delitos por raz\u00f3n de g\u00e9nero<\/h2>\n\n\n\n<p>13 de noviembre de 2023.A fin de incrementar la pena cuando un delito se cometa por raz\u00f3n de g\u00e9nero, ya que las cifras son preocupantes, la coordinadora del Grupo Parlamentario de Morena, Sandra Amaya Rosales, present\u00f3 la iniciativa de reformas al C\u00f3digo Penal del Estado<\/p>\n\n\n\n<p>\u201cNo podemos permitir, que estos actos queden impunes\u201d, consider\u00f3 la representante popular al hacer uso de la m\u00e1xima tribuna del Estado.<\/p>\n\n\n\n<p>Al respecto, puso como ejemplo de persecuci\u00f3n por homofobia, lo sucedido hace unos d\u00edas en el Estado, espec\u00edficamente en una tienda de autoservicio, donde una pareja perteneciente a la comunidad LGBT, sufri\u00f3 ataques violentos, mientras esperaban en la fila para ordenar comida, por un individuo, que sin previo aviso se lanz\u00f3 contra ellos a golpearlos y lesionarlos, a tal punto que el agresor parec\u00eda tener la intenci\u00f3n de asesinarlos.<\/p>\n\n\n\n<p>Inform\u00f3 que de acuerdo a las estad\u00edsticas de la Comisi\u00f3n Ciudadana contra los Cr\u00edmenes de Odio por Homofobia, el pa\u00eds ocupa el segundo lugar, despu\u00e9s de Brasil, lo que representa y dato duro, contundente y crudo de una realidad lacerante y funesta de falta de respeto a la vida y a los derechos de la comunidad LGBT.<\/p>\n\n\n\n<p>\u201cLa violencia motivada contra las personas de g\u00e9nero-sexo diverso, constituye hoy en d\u00eda, una violaci\u00f3n a los derechos humanos de tercera generaci\u00f3n como lo son los derechos sexuales\u201d, puntualiz\u00f3 en la sesi\u00f3n ordinaria.<\/p>\n\n\n\n<p>Agreg\u00f3 que la encuesta nacional sobre discriminaci\u00f3n en M\u00e9xico 2022, en lo que se refiere a cifras sobre la discriminaci\u00f3n por diversidad sexual de la poblaci\u00f3n de 18 a\u00f1os y m\u00e1s, el 3.6 por ciento refiri\u00f3 ser de la diversidad sexual y g\u00e9nero; de esta el 37.3 por ciento declar\u00f3 haber sido discriminada en los \u00faltimos 12 meses, del porcentaje anterior, el 41.8 por ciento manifest\u00f3 haberlo sido por su forma de vestir o arreglo.<\/p>\n\n\n\n<p>Por esta raz\u00f3n, se busca aumentar la penalidad hasta en una mitad de lo establecido, cuando la v\u00edctima de un delito se cometa por razones de g\u00e9nero.<\/p>\n","protected":false},"excerpt":{"rendered":"<p>Propone reformar C\u00f3digo Penal para incrementar sanciones por delitos por raz\u00f3n de g\u00e9nero 13 de noviembre de 2023.A fin de incrementar la pena cuando un delito se cometa por raz\u00f3n de g\u00e9nero, ya que las cifras son preocupantes, la coordinadora del Grupo Parlamentario de Morena, Sandra Amaya Rosales, present\u00f3 la iniciativa de reformas al C\u00f3digo&#8230;<\/p>\n","protected":false},"author":1,"featured_media":1454,"comment_status":"open","ping_status":"open","sticky":false,"template":"","format":"standard","meta":{"footnotes":""},"categories":[13],"tags":[],"class_list":["post-1453","post","type-post","status-publish","format-standard","has-post-thumbnail","hentry","category-congreso-de-durango"],"_links":{"self":[{"href":"https:\/\/lagumex.mx\/index\/wp-json\/wp\/v2\/posts\/1453","targetHints":{"allow":["GET"]}}],"collection":[{"href":"https:\/\/lagumex.mx\/index\/wp-json\/wp\/v2\/posts"}],"about":[{"href":"https:\/\/lagumex.mx\/index\/wp-json\/wp\/v2\/types\/post"}],"author":[{"embeddable":true,"href":"https:\/\/lagumex.mx\/index\/wp-json\/wp\/v2\/users\/1"}],"replies":[{"embeddable":true,"href":"https:\/\/lagumex.mx\/index\/wp-json\/wp\/v2\/comments?post=1453"}],"version-history":[{"count":1,"href":"https:\/\/lagumex.mx\/index\/wp-json\/wp\/v2\/posts\/1453\/revisions"}],"predecessor-version":[{"id":1455,"href":"https:\/\/lagumex.mx\/index\/wp-json\/wp\/v2\/posts\/1453\/revisions\/1455"}],"wp:featuredmedia":[{"embeddable":true,"href":"https:\/\/lagumex.mx\/index\/wp-json\/wp\/v2\/media\/1454"}],"wp:attachment":[{"href":"https:\/\/lagumex.mx\/index\/wp-json\/wp\/v2\/media?parent=1453"}],"wp:term":[{"taxonomy":"category","embeddable":true,"href":"https:\/\/lagumex.mx\/index\/wp-json\/wp\/v2\/categories?post=1453"},{"taxonomy":"post_tag","embeddable":true,"href":"https:\/\/lagumex.mx\/index\/wp-json\/wp\/v2\/tags?post=1453"}],"curies":[{"name":"wp","href":"https:\/\/api.w.org\/{rel}","templated":true}]}}