{"id":1447,"date":"2023-11-06T03:28:36","date_gmt":"2023-11-06T03:28:36","guid":{"rendered":"http:\/\/lagumex.mx\/index\/?p=1447"},"modified":"2023-11-07T03:32:12","modified_gmt":"2023-11-07T03:32:12","slug":"en-equipo-con-alcaldes-esteban-reconstruye-durango-en-canelas-entrego-puente-que-habia-dejado-inconcluso-el-gobierno-anterior","status":"publish","type":"post","link":"https:\/\/lagumex.mx\/index\/durango\/en-equipo-con-alcaldes-esteban-reconstruye-durango-en-canelas-entrego-puente-que-habia-dejado-inconcluso-el-gobierno-anterior\/","title":{"rendered":"En equipo con alcaldes, Esteban reconstruye Durango; en Canelas entreg\u00f3 puente que hab\u00eda dejado inconcluso el gobierno anterior"},"content":{"rendered":"\n<h2 class=\"wp-block-heading\">El Gobernador entreg\u00f3&nbsp; tambi\u00e9n apoyos sociales&nbsp; y equipo para fortalecer a la polic\u00eda municipal.<\/h2>\n\n\n\n<p>06 de noviembre de 2023. Canelas,Dgo.-\u201cTodos los municipios son prioridad para este Gobierno, hasta los que son m\u00e1s dif\u00edciles de llegar como Canelas\u201d, asegur\u00f3 el gobernador Esteban Villegas Villarreal, al terminar el Puente Los Otates, que ten\u00eda a\u00f1os abandonado, as\u00ed como al llevar los beneficios de programas sociales y de fortalecimiento para la polic\u00eda municipal.<\/p>\n\n\n\n<p>Como un solo equipo, con todos los alcaldes de todos los municipios estamos reconstruyendo nuestro estado, destac\u00f3 el Mandatario al resaltar que el puente \u201cLos Otates\u201d es una obra que la gente del municipio cre\u00eda imposible, ya que fue uno de los m\u00e1s de 200 trabajos inconclusos que recibi\u00f3 su Gobierno; ahora esta reconstrucci\u00f3n es una realidad que, junto a la pista a\u00e9rea, es de gran impacto regional que genera conectividad principalmente a las localidades de Canelas, Otates, La Emita y La Mora, en beneficio para 970 habitantes.<\/p>\n\n\n\n<p>En su paso por este municipio, Villegas Villarreal arranc\u00f3 m\u00e1s obras como la rehabilitaci\u00f3n de la Plaza C\u00edvica, misma que ten\u00eda a\u00f1os sin mantenimiento, adem\u00e1s de comprometerse a dar arranque a la construcci\u00f3n de un domo y una cancha en la Escuela Secundaria T\u00e9cnica #84; \u201cen marzo venimos a entregar obras y hacer nuevos compromisos\u201d a\u00f1adi\u00f3 el Gobernador, al asegurar su regreso a Canelas.<\/p>\n\n\n\n<p>Posteriormente, hizo entrega de tinacos a la poblaci\u00f3n canelense; en materia de seguridad otorg\u00f3 uniformes y una patrulla a la polic\u00eda municipal, adem\u00e1s de aguinaldos para los ni\u00f1os y ni\u00f1as que estuvieron en el evento, que con una gran sonrisa y singular alegr\u00eda los recibieron.<\/p>\n\n\n\n<p>\u201cGobernador, gracias por sacar adelante las obras que estaban inconclusas y otras que no exist\u00edan, adem\u00e1s, somos el primer ayuntamiento con m\u00e1s proyectos productivos por parte del DIF, sabemos el esfuerzo que ha hecho para sacar adelante a todos los municipios\u201d, manifest\u00f3 la presidenta municipal Yazm\u00edn Arrieta Vizcarra, al reconocer el trabajo del Mandatario Estatal.<\/p>\n\n\n\n<p>En respuesta a peticiones de los habitantes, otros de los compromisos de Esteban fue realizar pr\u00f3ximamente mejoras en la iglesia de la cabecera municipal, entregar l\u00e1minas para techos, as\u00ed como la rehabilitaci\u00f3n de un ba\u00f1o en la casa de uno de los maestros for\u00e1neos que habita en este municipio, apoyos que a nombre de la comunidad, agradeci\u00f3 Valeria Aldrete.<\/p>\n\n\n\n<p>En esta intensa gira de trabajo, el Gobernador estuvo acompa\u00f1ado por los titulares de la Secretar\u00eda de Seguridad P\u00fablica, Oscar Armando Galv\u00e1n Villarreal; Roci\u00f3 Rebollo de SEBISED, Ana Rosa Hern\u00e1ndez de SECOPE, Emmanuel del Palacio del INIFEED y de Yadira Narv\u00e1ez Salas, de la Comisi\u00f3n de Aguas del Estado.<\/p>\n","protected":false},"excerpt":{"rendered":"<p>El Gobernador entreg\u00f3&nbsp; tambi\u00e9n apoyos sociales&nbsp; y equipo para fortalecer a la polic\u00eda municipal. 06 de noviembre de 2023. Canelas,Dgo.-\u201cTodos los municipios son prioridad para este Gobierno, hasta los que son m\u00e1s dif\u00edciles de llegar como Canelas\u201d, asegur\u00f3 el gobernador Esteban Villegas Villarreal, al terminar el Puente Los Otates, que ten\u00eda a\u00f1os abandonado, as\u00ed como&#8230;<\/p>\n","protected":false},"author":1,"featured_media":1448,"comment_status":"open","ping_status":"open","sticky":false,"template":"","format":"standard","meta":{"footnotes":""},"categories":[1],"tags":[],"class_list":["post-1447","post","type-post","status-publish","format-standard","has-post-thumbnail","hentry","category-durango"],"_links":{"self":[{"href":"https:\/\/lagumex.mx\/index\/wp-json\/wp\/v2\/posts\/1447","targetHints":{"allow":["GET"]}}],"collection":[{"href":"https:\/\/lagumex.mx\/index\/wp-json\/wp\/v2\/posts"}],"about":[{"href":"https:\/\/lagumex.mx\/index\/wp-json\/wp\/v2\/types\/post"}],"author":[{"embeddable":true,"href":"https:\/\/lagumex.mx\/index\/wp-json\/wp\/v2\/users\/1"}],"replies":[{"embeddable":true,"href":"https:\/\/lagumex.mx\/index\/wp-json\/wp\/v2\/comments?post=1447"}],"version-history":[{"count":1,"href":"https:\/\/lagumex.mx\/index\/wp-json\/wp\/v2\/posts\/1447\/revisions"}],"predecessor-version":[{"id":1449,"href":"https:\/\/lagumex.mx\/index\/wp-json\/wp\/v2\/posts\/1447\/revisions\/1449"}],"wp:featuredmedia":[{"embeddable":true,"href":"https:\/\/lagumex.mx\/index\/wp-json\/wp\/v2\/media\/1448"}],"wp:attachment":[{"href":"https:\/\/lagumex.mx\/index\/wp-json\/wp\/v2\/media?parent=1447"}],"wp:term":[{"taxonomy":"category","embeddable":true,"href":"https:\/\/lagumex.mx\/index\/wp-json\/wp\/v2\/categories?post=1447"},{"taxonomy":"post_tag","embeddable":true,"href":"https:\/\/lagumex.mx\/index\/wp-json\/wp\/v2\/tags?post=1447"}],"curies":[{"name":"wp","href":"https:\/\/api.w.org\/{rel}","templated":true}]}}