{"id":1444,"date":"2023-11-05T03:26:48","date_gmt":"2023-11-05T03:26:48","guid":{"rendered":"http:\/\/lagumex.mx\/index\/?p=1444"},"modified":"2023-11-07T03:28:35","modified_gmt":"2023-11-07T03:28:35","slug":"con-marisol-y-esteban-mes-rosa-cubrio-de-esperanza-e-informacion-a-mas-de-70-mil-personas","status":"publish","type":"post","link":"https:\/\/lagumex.mx\/index\/durango\/con-marisol-y-esteban-mes-rosa-cubrio-de-esperanza-e-informacion-a-mas-de-70-mil-personas\/","title":{"rendered":"Con Marisol y Esteban, mes rosa cubri\u00f3 de esperanza e informaci\u00f3n a m\u00e1s de 70 mil personas"},"content":{"rendered":"\n<p>Con el apoyo de los duranguenses en Marea Rosa 5k, se adquirir\u00e1 una unidad m\u00f3vil especializada que llegar\u00e1 a todos los rincones.<\/p>\n\n\n\n<p>05 de noviembre de 2023. Con el impulso y la sensibilidad de la presidenta del DIF Estatal, Marisol Rosso y el gobernador Esteban Villegas, en Durango, las actividades del mes rosa llegaron a todos los rincones y cubrieron de esperanza a m\u00e1s de 70 mil personas que ya cuentan con informaci\u00f3n para una detecci\u00f3n oportuna del c\u00e1ncer de mam\u00e1.<\/p>\n\n\n\n<p>Este a\u00f1o, para conmemorar el mes de octubre, mes de la Lucha Contra el Cancer de Mama, inici\u00f3 con la caminata de luz y esperanza, que cont\u00f3 con la participaci\u00f3n de alrededor de cinco mil 500 personas en un recorrido por calles principales de la capital hasta llegar a la Plaza Fundadores, donde se ilumin\u00f3 un mo\u00f1o rosa para enmarcar la batalla que miles de mujeres dan para sobrevivir a esta enfermedad.<\/p>\n\n\n\n<p>En total, se llevaron a cabo 708 caf\u00e9s rosas, en los cuales se impact\u00f3 a m\u00e1s de 59 mil personas, con el objetivo de generar conciencia sobre la importancia de la autoexploraci\u00f3n y la detecci\u00f3n temprana de este c\u00e1ncer.<\/p>\n\n\n\n<p>En cada caf\u00e9, un m\u00e9dico especialista brind\u00f3 informaci\u00f3n detallada sobre el modo correcto de autoexploraci\u00f3n, con el prop\u00f3sito que los asistentes pudieran replicar esta informaci\u00f3n en sus familiares, amigos, conocidos y comunidades cercanas.<\/p>\n\n\n\n<p>Durante octubre se llevaron a cabo 2 mil 540 mastograf\u00edas y se detectaron 24 casos para cirug\u00eda reconstructiva gracias a los caf\u00e9s rosa.<\/p>\n\n\n\n<p>El 19 de octubre, D\u00eda Internacional de la Lucha contra el C\u00e1ncer, se realiz\u00f3 una pasarela Rosa en la que desfilaron 34 sobrevivientes de esta enfermedad; se cont\u00f3 con la presencia de familiares y amigos, quienes hicieron de esta noche un momento conmovedor y memorable para todos los presentes.<\/p>\n\n\n\n<p>Adem\u00e1s, se llev\u00f3 a cabo la carrera de convivencia Marea Rosas 5k los d\u00edas 27 y 28 de octubre, cuya asistencia fue de 9 mil 500 personas en la regi\u00f3n laguna y Durango capital.<\/p>\n\n\n\n<p>Gracias a las aportaciones de los participantes, se recaudaron 890 mil pesos, que ser\u00e1n destinados a la adquisici\u00f3n de una unidad m\u00f3vil de atenci\u00f3n para mujeres en zonas de alta marginaci\u00f3n que se sumar\u00e1 a la Ruta de la Salud que recorre los municipios y que ha dado grandes resultados en esta administraci\u00f3n.<\/p>\n\n\n\n<p>Asimismo, se entregar\u00e1 una pr\u00f3tesis externa a todas las mujeres que as\u00ed lo requieran, y las cirug\u00edas iniciar\u00e1n aproximadamente en marzo de 2024. Actualmente, se tiene una lista de 62 pr\u00f3tesis externas pendientes de entrega.<\/p>\n\n\n\n<p>El gobernador Esteban Villegas Villarreal y la presidenta de DIF Estatal, Marisol Rosso Rivera, han reiterado su compromiso con la salud de las mujeres y han enfatizado que si se logra detectar el c\u00e1ncer de mama a tiempo, es completamente curable, por ello, pondr\u00e1n al alcance de todos las mastograf\u00edas durante todo el a\u00f1o en los centros de salud, no solo en el mes de octubre.<\/p>\n","protected":false},"excerpt":{"rendered":"<p>Con el apoyo de los duranguenses en Marea Rosa 5k, se adquirir\u00e1 una unidad m\u00f3vil especializada que llegar\u00e1 a todos los rincones. 05 de noviembre de 2023. Con el impulso y la sensibilidad de la presidenta del DIF Estatal, Marisol Rosso y el gobernador Esteban Villegas, en Durango, las actividades del mes rosa llegaron a&#8230;<\/p>\n","protected":false},"author":1,"featured_media":1445,"comment_status":"open","ping_status":"open","sticky":false,"template":"","format":"standard","meta":{"footnotes":""},"categories":[1],"tags":[],"class_list":["post-1444","post","type-post","status-publish","format-standard","has-post-thumbnail","hentry","category-durango"],"_links":{"self":[{"href":"https:\/\/lagumex.mx\/index\/wp-json\/wp\/v2\/posts\/1444","targetHints":{"allow":["GET"]}}],"collection":[{"href":"https:\/\/lagumex.mx\/index\/wp-json\/wp\/v2\/posts"}],"about":[{"href":"https:\/\/lagumex.mx\/index\/wp-json\/wp\/v2\/types\/post"}],"author":[{"embeddable":true,"href":"https:\/\/lagumex.mx\/index\/wp-json\/wp\/v2\/users\/1"}],"replies":[{"embeddable":true,"href":"https:\/\/lagumex.mx\/index\/wp-json\/wp\/v2\/comments?post=1444"}],"version-history":[{"count":1,"href":"https:\/\/lagumex.mx\/index\/wp-json\/wp\/v2\/posts\/1444\/revisions"}],"predecessor-version":[{"id":1446,"href":"https:\/\/lagumex.mx\/index\/wp-json\/wp\/v2\/posts\/1444\/revisions\/1446"}],"wp:featuredmedia":[{"embeddable":true,"href":"https:\/\/lagumex.mx\/index\/wp-json\/wp\/v2\/media\/1445"}],"wp:attachment":[{"href":"https:\/\/lagumex.mx\/index\/wp-json\/wp\/v2\/media?parent=1444"}],"wp:term":[{"taxonomy":"category","embeddable":true,"href":"https:\/\/lagumex.mx\/index\/wp-json\/wp\/v2\/categories?post=1444"},{"taxonomy":"post_tag","embeddable":true,"href":"https:\/\/lagumex.mx\/index\/wp-json\/wp\/v2\/tags?post=1444"}],"curies":[{"name":"wp","href":"https:\/\/api.w.org\/{rel}","templated":true}]}}