{"id":1440,"date":"2023-11-04T03:21:04","date_gmt":"2023-11-04T03:21:04","guid":{"rendered":"http:\/\/lagumex.mx\/index\/?p=1440"},"modified":"2023-11-07T03:25:06","modified_gmt":"2023-11-07T03:25:06","slug":"agradecen-alumnos-y-maestros-de-la-utld-al-gobierno-de-esteban-por-su-rescate-tras-huracan-otis-en-guerrero","status":"publish","type":"post","link":"https:\/\/lagumex.mx\/index\/durango\/agradecen-alumnos-y-maestros-de-la-utld-al-gobierno-de-esteban-por-su-rescate-tras-huracan-otis-en-guerrero\/","title":{"rendered":"Agradecen alumnos y maestros de la UTLD al Gobierno de Esteban por su rescate tras hurac\u00e1n Otis en Guerrero"},"content":{"rendered":"\n<h2 class=\"wp-block-heading\">Se coordinaron esfuerzos y acompa\u00f1amiento al enviar transporte para traerlos de regreso a casa sanos y salvos.<\/h2>\n\n\n\n<p>04 de noviembre de 2023. Comarca Lagunera., El gobernador Esteban Villegas Villarreal, tal y c\u00f3mo lo anunci\u00f3, realiz\u00f3 las gestiones necesarias para traer a la brevedad a los duranguenses varados en Acapulco, tras el impacto del hurac\u00e1n Otis; ejemplo de ello es la llegada de los alumnos y maestros de la Universidad Tecnol\u00f3gica de la Laguna de Durango (UTLD) a la ciudad de G\u00f3mez Palacio a cuatro d\u00edas del suceso.<\/p>\n\n\n\n<p>As\u00ed lo resalt\u00f3 el rector de la UTLD, V\u00edctor G\u00f3mez Hern\u00e1ndez, al recordar que desde el primer momento en que se comunic\u00f3 con el subsecretario de Gobierno en La Laguna, Ra\u00fal Meraz Ram\u00edrez y con el director de Protecci\u00f3n Civil en el Estado, Arturo Galindo Cabada, se les brind\u00f3 toda la orientaci\u00f3n y se coordinaron para rescatar&nbsp; a su gente de la zona de desastre.<\/p>\n\n\n\n<p>\u201cAgradezco que el gobernador, Esteban Villegas Villarreal, a trav\u00e9s de ellos, estuvo en todo momento al pendiente de los chicos y que nos enviara el transporte para poder rescatarlos\u201d, dijo.<\/p>\n\n\n\n<p>Y es que, cuando todo era felicidad para el contingente de alumnos y maestros, tras su participaci\u00f3n en el concurso nacional \u201cTaz\u00f3n de Miner\u00eda\u201d y obtener el segundo lugar; horas m\u00e1s tarde se enfrentaron a la furia del hurac\u00e1n Otis, de categor\u00eda 5 -la m\u00e1xima en la escala Saffir-Simpson- por la velocidad de sus vientos, viviendo as\u00ed, horas de angustia e incomunicaci\u00f3n, narraron los maestros Adri\u00e1n Holgu\u00edn Gonz\u00e1lez y Luis Enrique Salazar Rocha, responsables del contingente de 12 alumnos que viajaron a la ciudad de Acapulco, Guerrero para participar en el concurso estudiantil, en el marco del Congreso Nacional de Miner\u00eda.<\/p>\n\n\n\n<p>Indudablemente \u00e9sta fue una de las experiencias m\u00e1s fuertes de sobrevivencia para ellos, donde tomaron decisiones y el liderazgo para salvaguardar a un grupo de diversas universidades del pa\u00eds que se hospedaban el hotel Copacabana.<\/p>\n\n\n\n<p>Por d\u00eda y medio permanecieron incomunicados. Ante la incertidumbre, decidieron buscar provisiones: agua, papel de ba\u00f1o, productos de higiene personal y alimento, principalmente. Fueron de los primeros grupos en abandonar el puerto para trasladarse a la Ciudad de M\u00e9xico y de ah\u00ed, viajar directamente a la Ciudad de G\u00f3mez Palacio.<\/p>\n\n\n\n<p>Finalmente, el rector de la UTDL reconoci\u00f3 que fue muy importante el acompa\u00f1amiento del Gobierno del Estado, pues \u00e9l pudo transmitir al grupo la tranquilidad de que ser\u00edan rescatados a la brevedad y que no estaban solos. De igual manera, destac\u00f3 la coordinaci\u00f3n que tuvo con planteles hom\u00f3logos del Estado de Guerrero y de Morelos quienes buscaban alternativas de traslado, pero afortunadamente pudieron salir muy r\u00e1pido de la zona de desastre y hoy, se encuentran todos sanos y salvos.<\/p>\n","protected":false},"excerpt":{"rendered":"<p>Se coordinaron esfuerzos y acompa\u00f1amiento al enviar transporte para traerlos de regreso a casa sanos y salvos. 04 de noviembre de 2023. Comarca Lagunera., El gobernador Esteban Villegas Villarreal, tal y c\u00f3mo lo anunci\u00f3, realiz\u00f3 las gestiones necesarias para traer a la brevedad a los duranguenses varados en Acapulco, tras el impacto del hurac\u00e1n Otis;&#8230;<\/p>\n","protected":false},"author":1,"featured_media":0,"comment_status":"open","ping_status":"open","sticky":false,"template":"","format":"standard","meta":{"footnotes":""},"categories":[1],"tags":[],"class_list":["post-1440","post","type-post","status-publish","format-standard","hentry","category-durango"],"_links":{"self":[{"href":"https:\/\/lagumex.mx\/index\/wp-json\/wp\/v2\/posts\/1440","targetHints":{"allow":["GET"]}}],"collection":[{"href":"https:\/\/lagumex.mx\/index\/wp-json\/wp\/v2\/posts"}],"about":[{"href":"https:\/\/lagumex.mx\/index\/wp-json\/wp\/v2\/types\/post"}],"author":[{"embeddable":true,"href":"https:\/\/lagumex.mx\/index\/wp-json\/wp\/v2\/users\/1"}],"replies":[{"embeddable":true,"href":"https:\/\/lagumex.mx\/index\/wp-json\/wp\/v2\/comments?post=1440"}],"version-history":[{"count":1,"href":"https:\/\/lagumex.mx\/index\/wp-json\/wp\/v2\/posts\/1440\/revisions"}],"predecessor-version":[{"id":1441,"href":"https:\/\/lagumex.mx\/index\/wp-json\/wp\/v2\/posts\/1440\/revisions\/1441"}],"wp:attachment":[{"href":"https:\/\/lagumex.mx\/index\/wp-json\/wp\/v2\/media?parent=1440"}],"wp:term":[{"taxonomy":"category","embeddable":true,"href":"https:\/\/lagumex.mx\/index\/wp-json\/wp\/v2\/categories?post=1440"},{"taxonomy":"post_tag","embeddable":true,"href":"https:\/\/lagumex.mx\/index\/wp-json\/wp\/v2\/tags?post=1440"}],"curies":[{"name":"wp","href":"https:\/\/api.w.org\/{rel}","templated":true}]}}