{"id":1411,"date":"2023-11-07T03:08:36","date_gmt":"2023-11-07T03:08:36","guid":{"rendered":"http:\/\/lagumex.mx\/index\/?p=1411"},"modified":"2023-11-07T03:10:43","modified_gmt":"2023-11-07T03:10:43","slug":"acude-brigada-de-salud-para-mascotas-a-localidad-el-rayo-lerdo","status":"publish","type":"post","link":"https:\/\/lagumex.mx\/index\/lerdo\/acude-brigada-de-salud-para-mascotas-a-localidad-el-rayo-lerdo\/","title":{"rendered":"Acude brigada de salud para mascotas a localidad El Rayo, Lerdo"},"content":{"rendered":"\n<p>07 de noviembre de 2023.Este lunes, la brigada de Prevenci\u00f3n Social visita la localidad El Rayo, con la campa\u00f1a de salud para mascotas, as\u00ed lo dio a conocer el titular de la dependencia, Roberto Carlos Calder\u00f3n Gamboa. El funcionario se\u00f1al\u00f3 que por instrucci\u00f3n del Presidente Municipal Homero Mart\u00ednez Cabrera, toda la semana se desplegar\u00e1 esta campa\u00f1a que beneficia a perros y gatos en el municipio de Lerdo, iniciando este lunes con los servicios de desparasitaci\u00f3n y vacunaci\u00f3n antirr\u00e1bica en la plaza de la localidad El Rayo, en un horario de 10:00 a 13:30 horas. <\/p>\n\n\n\n<p>Aunado a estas acciones, se\u00f1al\u00f3 que se efect\u00faan fumigaciones en los domicilios solicitantes, mismos a los que se les brinda instrucciones para combatir la proliferaci\u00f3n de garrapata y las enfermedades que estos \u00e1caros pueden transmitir.<\/p>\n\n\n\n<p>\u201cRecordarle a la ciudadan\u00eda: limpiar su entorno; fumigar su casa y patio; vacunar, desparasitar y revisar con regularidad a su mascota. Estas actividades deben de ser frecuentes para mantener un control en el combate del problema de garrapatas\u201d asegur\u00f3.<\/p>\n\n\n\n<p>Finalmente comparti\u00f3 que las instalaciones se encuentran al interior de la Unidad Administrativa San Isidro, en calle Ram\u00f3n Leyva #400, esquina con calle L\u00f3pez Ray\u00f3n y Galeana, colonia San Isidro. El tel\u00e9fono de oficina 87 17 25 83 18, y se atiende en un horario de 8:00 a 17:00 horas de lunes a viernes, y s\u00e1bados de 9:00 a 13:00 horas.<\/p>\n","protected":false},"excerpt":{"rendered":"<p>07 de noviembre de 2023.Este lunes, la brigada de Prevenci\u00f3n Social visita la localidad El Rayo, con la campa\u00f1a de salud para mascotas, as\u00ed lo dio a conocer el titular de la dependencia, Roberto Carlos Calder\u00f3n Gamboa. El funcionario se\u00f1al\u00f3 que por instrucci\u00f3n del Presidente Municipal Homero Mart\u00ednez Cabrera, toda la semana se desplegar\u00e1 esta&#8230;<\/p>\n","protected":false},"author":1,"featured_media":1412,"comment_status":"open","ping_status":"open","sticky":false,"template":"","format":"standard","meta":{"footnotes":""},"categories":[3],"tags":[],"class_list":["post-1411","post","type-post","status-publish","format-standard","has-post-thumbnail","hentry","category-lerdo"],"_links":{"self":[{"href":"https:\/\/lagumex.mx\/index\/wp-json\/wp\/v2\/posts\/1411","targetHints":{"allow":["GET"]}}],"collection":[{"href":"https:\/\/lagumex.mx\/index\/wp-json\/wp\/v2\/posts"}],"about":[{"href":"https:\/\/lagumex.mx\/index\/wp-json\/wp\/v2\/types\/post"}],"author":[{"embeddable":true,"href":"https:\/\/lagumex.mx\/index\/wp-json\/wp\/v2\/users\/1"}],"replies":[{"embeddable":true,"href":"https:\/\/lagumex.mx\/index\/wp-json\/wp\/v2\/comments?post=1411"}],"version-history":[{"count":2,"href":"https:\/\/lagumex.mx\/index\/wp-json\/wp\/v2\/posts\/1411\/revisions"}],"predecessor-version":[{"id":1418,"href":"https:\/\/lagumex.mx\/index\/wp-json\/wp\/v2\/posts\/1411\/revisions\/1418"}],"wp:featuredmedia":[{"embeddable":true,"href":"https:\/\/lagumex.mx\/index\/wp-json\/wp\/v2\/media\/1412"}],"wp:attachment":[{"href":"https:\/\/lagumex.mx\/index\/wp-json\/wp\/v2\/media?parent=1411"}],"wp:term":[{"taxonomy":"category","embeddable":true,"href":"https:\/\/lagumex.mx\/index\/wp-json\/wp\/v2\/categories?post=1411"},{"taxonomy":"post_tag","embeddable":true,"href":"https:\/\/lagumex.mx\/index\/wp-json\/wp\/v2\/tags?post=1411"}],"curies":[{"name":"wp","href":"https:\/\/api.w.org\/{rel}","templated":true}]}}