{"id":1408,"date":"2023-11-06T03:04:49","date_gmt":"2023-11-06T03:04:49","guid":{"rendered":"http:\/\/lagumex.mx\/index\/?p=1408"},"modified":"2023-11-07T03:07:26","modified_gmt":"2023-11-07T03:07:26","slug":"inauguran-sala-presidentes-en-lerdo","status":"publish","type":"post","link":"https:\/\/lagumex.mx\/index\/lerdo\/inauguran-sala-presidentes-en-lerdo\/","title":{"rendered":"Inauguran &#8216;Sala Presidentes&#8217; en Lerdo"},"content":{"rendered":"\n<p>06 de noviembre de 2023.El alcalde de Lerdo, Homero Mart\u00ednez Cabrera inaugur\u00f3 la \u2018Sala Presidentes\u2019 junto a su esposa, la diputada Susy Torrecillas, este lunes, donde se encuentran las 54 fotograf\u00edas de los expresidentes municipales de 1916 a 2022, as\u00ed como la imagen del gobernador de estado, Esteban Villegas, y el presidente actual de Lerdo, Homero Mart\u00ednez.<\/p>\n\n\n\n<p>Luego de reconocer a los ex presidentes que han trabajado en el desarrollo de Lerdo, y de agradecer a los regidores por aprobar la propuesta en Cabildo, la primera autoridad en el municipio devel\u00f3 la placa \u2018Sala Presidentes\u2019. Se\u00f1al\u00f3 que una vez que el \u00f3rgano colegiado autoriz\u00f3, esta acci\u00f3n se publicar\u00e1 en la Gaceta y enseguida se estipular\u00e1 la modificaci\u00f3n y denominaci\u00f3n dentro del Bando Polic\u00eda y Gobierno.<\/p>\n","protected":false},"excerpt":{"rendered":"<p>06 de noviembre de 2023.El alcalde de Lerdo, Homero Mart\u00ednez Cabrera inaugur\u00f3 la \u2018Sala Presidentes\u2019 junto a su esposa, la diputada Susy Torrecillas, este lunes, donde se encuentran las 54 fotograf\u00edas de los expresidentes municipales de 1916 a 2022, as\u00ed como la imagen del gobernador de estado, Esteban Villegas, y el presidente actual de Lerdo,&#8230;<\/p>\n","protected":false},"author":1,"featured_media":1409,"comment_status":"open","ping_status":"open","sticky":false,"template":"","format":"standard","meta":{"footnotes":""},"categories":[3],"tags":[],"class_list":["post-1408","post","type-post","status-publish","format-standard","has-post-thumbnail","hentry","category-lerdo"],"_links":{"self":[{"href":"https:\/\/lagumex.mx\/index\/wp-json\/wp\/v2\/posts\/1408","targetHints":{"allow":["GET"]}}],"collection":[{"href":"https:\/\/lagumex.mx\/index\/wp-json\/wp\/v2\/posts"}],"about":[{"href":"https:\/\/lagumex.mx\/index\/wp-json\/wp\/v2\/types\/post"}],"author":[{"embeddable":true,"href":"https:\/\/lagumex.mx\/index\/wp-json\/wp\/v2\/users\/1"}],"replies":[{"embeddable":true,"href":"https:\/\/lagumex.mx\/index\/wp-json\/wp\/v2\/comments?post=1408"}],"version-history":[{"count":1,"href":"https:\/\/lagumex.mx\/index\/wp-json\/wp\/v2\/posts\/1408\/revisions"}],"predecessor-version":[{"id":1410,"href":"https:\/\/lagumex.mx\/index\/wp-json\/wp\/v2\/posts\/1408\/revisions\/1410"}],"wp:featuredmedia":[{"embeddable":true,"href":"https:\/\/lagumex.mx\/index\/wp-json\/wp\/v2\/media\/1409"}],"wp:attachment":[{"href":"https:\/\/lagumex.mx\/index\/wp-json\/wp\/v2\/media?parent=1408"}],"wp:term":[{"taxonomy":"category","embeddable":true,"href":"https:\/\/lagumex.mx\/index\/wp-json\/wp\/v2\/categories?post=1408"},{"taxonomy":"post_tag","embeddable":true,"href":"https:\/\/lagumex.mx\/index\/wp-json\/wp\/v2\/tags?post=1408"}],"curies":[{"name":"wp","href":"https:\/\/api.w.org\/{rel}","templated":true}]}}