{"id":1405,"date":"2023-11-01T03:03:52","date_gmt":"2023-11-01T03:03:52","guid":{"rendered":"http:\/\/lagumex.mx\/index\/?p=1405"},"modified":"2023-11-07T03:04:47","modified_gmt":"2023-11-07T03:04:47","slug":"la-uadec-celebra-y-preserva-la-tradicion-del-dia-de-muertos","status":"publish","type":"post","link":"https:\/\/lagumex.mx\/index\/uncategorized\/uac\/uac-uac\/la-uadec-celebra-y-preserva-la-tradicion-del-dia-de-muertos\/","title":{"rendered":"La UAdeC Celebra y Preserva la Tradici\u00f3n del D\u00eda de Muertos"},"content":{"rendered":"\n<p>SALTILLO, Coahuila. 1 de noviembre de 2023. Al cumplir con una de sus tareas sustantivas, que es la preservaci\u00f3n y difusi\u00f3n de la cultura, la Universidad Aut\u00f3noma de Coahuila a trav\u00e9s de sus Escuelas, Facultades, Institutos y Dependencias, llev\u00f3 a cabo diversas actividades para celebrar la tradici\u00f3n mexicana del D\u00eda de Muertos, que tiene lugar cada 2 de noviembre.<\/p>\n\n\n\n<p>La coordinaci\u00f3n de Difusi\u00f3n y Patrimonio Cultural coordin\u00f3 el Festival de los Muertos en la Unidad Camporredondo, en donde participaron escuelas y dependencias para que la poblaci\u00f3n en general y comunidad universitaria disfrutaran de los foros Cempas\u00fachil, Copal y Camino de Luz, as\u00ed como del Concurso de Catr\u00edn y Catrina, relatos de leyendas y el altar monumental.<\/p>\n\n\n\n<p>De igual manera la Infoteca Arteaga llev\u00f3 a cabo el Festival de la Muerte 2023, que cont\u00f3 con altar de muertos, exposici\u00f3n de catrinas y concierto; la Infoteca Central \u201cDr. Alejandro D\u00e1vila Flores\u201d, llev\u00f3 a cabo un Taller de Mini Altares y la Infoteca de la Salud organiz\u00f3 un Concurso de Catrinas y Catrines. &nbsp;<\/p>\n\n\n\n<p>Por otro lado, la Facultad de Enfermer\u00eda Unidad Saltillo, realiz\u00f3 un concurso de puertas decoradas con tem\u00e1tica de D\u00eda de Muertos y en las Facultades de Jurisprudencia, Econom\u00eda y Ciencias Sociales, se montaron altares y las y los alumnos se vistieron de catrinas y catrines.<\/p>\n\n\n\n<p>Adem\u00e1s, la Facultad de Artes Pl\u00e1sticas en colaboraci\u00f3n con el Ateneo Fuente y la Alianza Francesa de Saltillo, instal\u00f3 un altar y realiz\u00f3 un concurso de catrinas y catrines; la Facultad de Sistemas llev\u00f3 a cabo su Segundo Festival de la Catrina y el Catr\u00edn.<\/p>\n\n\n\n<p>As\u00ed mismo, en las Escuelas de Bachilleres, Ateneo Fuente, \u201cDr. Mariano Narv\u00e1ez Gonz\u00e1lez\u201d y Aguanueva, inauguraron altar de muertos, al igual que el Hospital Universitario de Saltillo y la Coordinaci\u00f3n General de Relaciones Internacionales, que rindi\u00f3 un homenaje a quien fuera secretario general de la Universidad, Miguel \u00c1ngel Rodr\u00edguez Calder\u00f3n.<\/p>\n\n\n\n<p>Por otro lado, el Recinto Cultural Universitario \u201cAurora Morales de L\u00f3pez\u201d, inaugur\u00f3 un altar colectivo dedicado a la memoria del maestro universitario y promotor cultural, Alfonso V\u00e1zquez Sotelo y cont\u00f3 con una exposici\u00f3n pl\u00e1stica.<\/p>\n\n\n\n<p>El D\u00eda de Muertos se considera una celebraci\u00f3n a la memoria y un ritual que privilegia el recuerdo sobre el olvido, en la visi\u00f3n ind\u00edgena implica el retorno transitorio de las \u00e1nimas de los difuntos, quienes regresan a casa, al mundo de los vivos, para convivir con los familiares y para nutrirse de la esencia del alimento que se les ofrece en los altares puestos en su honor.<\/p>\n\n\n\n<p>Los altares pueden ser de dos, tres o siete niveles, contienen distintos elementos como sal, agua, papel picado que representa al viento, copal e incienso, pan de muerto, velas y veladoras, flores, calaveras de az\u00facar, fruta, vino, mole y toda la comida que al ser querido en vida le gustaba, adem\u00e1s de la foto u objetos de quien o quienes se le honra en el altar como un ritual que convoca a la memoria.<\/p>\n","protected":false},"excerpt":{"rendered":"<p>SALTILLO, Coahuila. 1 de noviembre de 2023. Al cumplir con una de sus tareas sustantivas, que es la preservaci\u00f3n y difusi\u00f3n de la cultura, la Universidad Aut\u00f3noma de Coahuila a trav\u00e9s de sus Escuelas, Facultades, Institutos y Dependencias, llev\u00f3 a cabo diversas actividades para celebrar la tradici\u00f3n mexicana del D\u00eda de Muertos, que tiene lugar&#8230;<\/p>\n","protected":false},"author":1,"featured_media":1406,"comment_status":"open","ping_status":"open","sticky":false,"template":"","format":"standard","meta":{"footnotes":""},"categories":[9,11],"tags":[],"class_list":["post-1405","post","type-post","status-publish","format-standard","has-post-thumbnail","hentry","category-uac-uac","category-uac"],"_links":{"self":[{"href":"https:\/\/lagumex.mx\/index\/wp-json\/wp\/v2\/posts\/1405","targetHints":{"allow":["GET"]}}],"collection":[{"href":"https:\/\/lagumex.mx\/index\/wp-json\/wp\/v2\/posts"}],"about":[{"href":"https:\/\/lagumex.mx\/index\/wp-json\/wp\/v2\/types\/post"}],"author":[{"embeddable":true,"href":"https:\/\/lagumex.mx\/index\/wp-json\/wp\/v2\/users\/1"}],"replies":[{"embeddable":true,"href":"https:\/\/lagumex.mx\/index\/wp-json\/wp\/v2\/comments?post=1405"}],"version-history":[{"count":1,"href":"https:\/\/lagumex.mx\/index\/wp-json\/wp\/v2\/posts\/1405\/revisions"}],"predecessor-version":[{"id":1407,"href":"https:\/\/lagumex.mx\/index\/wp-json\/wp\/v2\/posts\/1405\/revisions\/1407"}],"wp:featuredmedia":[{"embeddable":true,"href":"https:\/\/lagumex.mx\/index\/wp-json\/wp\/v2\/media\/1406"}],"wp:attachment":[{"href":"https:\/\/lagumex.mx\/index\/wp-json\/wp\/v2\/media?parent=1405"}],"wp:term":[{"taxonomy":"category","embeddable":true,"href":"https:\/\/lagumex.mx\/index\/wp-json\/wp\/v2\/categories?post=1405"},{"taxonomy":"post_tag","embeddable":true,"href":"https:\/\/lagumex.mx\/index\/wp-json\/wp\/v2\/tags?post=1405"}],"curies":[{"name":"wp","href":"https:\/\/api.w.org\/{rel}","templated":true}]}}